{"id":5425,"date":"2020-01-30T14:07:06","date_gmt":"2020-01-30T13:07:06","guid":{"rendered":"https:\/\/www.instantsvideo.com\/blog\/?p=5425"},"modified":"2020-09-16T17:03:24","modified_gmt":"2020-09-16T16:03:24","slug":"appel-a-participation-33e-festival-2020","status":"publish","type":"post","link":"https:\/\/www.instantsvideo.com\/blog\/2020\/01\/appel-a-participation-33e-festival-2020\/","title":{"rendered":"33e Festival Les Instants Vid\u00e9o 2020"},"content":{"rendered":"\n<p>Notre appel \u00e0 participation est maintenant ferm\u00e9.<\/p>\n\n\n\n<p><strong>Nous remercions chaleureusement<\/strong> les plus de 1000 artistes qui nous ont fait la confiance de nous envoyer leur travail. Sachez que nous le regarderons avec attention, \u00e9tant conscients que la po\u00e9sie \u00e9lectronique est fragile et d\u00e9licate : un fr\u00e9missement.<br>D\u00e9but octobre au plus tard, nous vous annoncerons individuellement la s\u00e9lection.<br><br>La 33e \u00e9dition du Festival Les Instants Vid\u00e9o d\u00e9butera en<strong> novembre 2020 <\/strong>(expositions, projections, performances\u2026) \u00e0 Marseille, Friche la Belle de Mai et dans d\u2019autres lieux de la ville. Comme chaque ann\u00e9e, le festival se d\u00e9roulera aussi dans d\u2019autres villes de France ou \u00e0 l\u2019\u00e9tranger. Chaque lieu recevra une programmation sp\u00e9cifique. <br><\/p>\n\n\n\n<p>Avec cette 33<sup>e<\/sup>&nbsp;\u00e9dition du festival Les Instants Vid\u00e9o, jamais notre manifestation n\u2019aura co\u00efncid\u00e9 \u00e0 ce point au r\u00eave qui fit na\u00eetre ce projet en 1988&nbsp;: un laboratoire o\u00f9 l\u2019exercice de nos droits po\u00e9tiques et politiques peuvent s\u2019appliquer pleinement, sans fard, joyeusement, malgr\u00e9 un environnement international de plus en plus hostile \u00e0 la libert\u00e9 d\u2019expression des paroles fragiles et critiques.&nbsp;<\/p>\n\n\n\n<p>Cette ann\u00e9e, les Instants Vid\u00e9o vont pousser \u00e0 leur paroxysme l\u2019accueil des \u0153uvres,\u00a0apr\u00e8s avoir annonc\u00e9 en f\u00e9vrier dernier ce r\u00eave inou\u00ef de nous mettre en qu\u00eate de <strong>la beaut\u00e9 d\u2019un geste \u00e9perdu<\/strong>.\u00a0<br><br>Ce cheminement chaotique a petit \u00e0 petit amen\u00e9 \u00e0 fabriquer ce qui fut finalement nomm\u00e9 des\u00a0<em><strong>Esquisses corporelles<\/strong><\/em>, montage de textes et d\u2019images d\u2019hier et d\u2019aujourd\u2019hui, qui seront \u00e9grain\u00e9es au fil du d\u00e9roulement du festival.<br>Cet \u00e9chafaudage d\u00e9licat et f\u00e9roce fut en grande partie \u00e9labor\u00e9 durant cette \u00e9trange p\u00e9riode dite de \u00ab\u00a0confinement\u00a0\u00bb que nous venons tou.te.s de traverser. Cette exp\u00e9rience sanitaire a mis en lumi\u00e8re une forme de gouvernance \u00e0 l\u2019\u00e9chelle mondiale bas\u00e9e sur la peur que le pire pourrait advenir si nous n\u2019appliquions pas \u00e0 nous m\u00eame la fameuse\u00a0<em>servitude volontaire<\/em>\u00a0d\u00e9nonc\u00e9e en son temps par La Bo\u00e9tie.\u00a0<br>Une propagande tr\u00e8s anxiog\u00e8ne paralyse d\u00e9sormais nos plus ardents r\u00eaves d\u2019\u00e9mancipation qui pourrait se formuler ainsi\u00a0:\u00a0<em>Vie, la mort te guette<\/em>, \u00e9p\u00e9e de Damocl\u00e8s qui peut prendre indiff\u00e9remment des formes multiples telles que le terrorisme islamique, la guerre, une pand\u00e9mie, l\u2019arriv\u00e9e de migrant.e.s, le r\u00e9chauffement climatique ou une crise \u00e9conomique\u2026 Dans un tel environnement, la laideur maquill\u00e9e sous le fard d\u2019une beaut\u00e9 de pacotille ne peut que s\u2019imposer \u00e0 nous, devant laquelle nous sommes somm\u00e9s de nous habituer.\u00a0<br>Prenant notre mal en patience, nous ne trouvons pas toujours la force de repousser le retour de vieux dogmatismes, qu\u2019ils soient religieux ou politiques, nous promettant un\u00a0\u00c9den dangereusement fantasm\u00e9.<br>Cependant, au sein de ce chaos, des voix, des gestes, d\u00e9chirent la nuit pour nous laisser entrevoir un autre monde possible ici et maintenant. Ce sont les paroles des po\u00e8tes et de tou.te.s les mutin.e.s qui, mus par je ne sais quelle col\u00e8re, ne c\u00e9deront \u00e0 aucun prix sur leur d\u00e9sir. Ensemble, ils\/elles crient ces mots qui nous\u00a0<em>re-couragent\u00a0<\/em>:\u00a0<em><strong>Mort, la vie te guette\u00a0!<\/strong><\/em><br>Cette phrase splendide apparut en 1965 sur le dos d\u2019un costume dit du \u00ab\u00a0n\u00e9crophile\u00a0\u00bb port\u00e9 par l\u2019artiste surr\u00e9aliste Jean Beno\u00eet que c\u00e9l\u00e8bre Annie Le Brun dans son merveilleux et profond livre \u00ab\u00a0Un espace inobjectif\u00a0\u00bb.<\/p>\n\n\n\n<p>Les <strong>dix&nbsp;<\/strong><em><strong>Esquisses<\/strong><\/em><strong>&nbsp;<\/strong>qui accompagneront cette nouvelle \u00e9dition des Instants Vid\u00e9o \u00e0&nbsp;Marseille (Friche la Belle de Mai)&nbsp;se terminent toutes par cette joyeuse injonction qui s\u2019est aussi impos\u00e9e \u00e0 nous comme titre du festival. Jamais les Instants Vid\u00e9o n\u2019auront \u00e0 ce point r\u00e9activ\u00e9&nbsp;leur&nbsp;projet initial de marier le \u00ab&nbsp;<strong>changer la vie<\/strong>&nbsp;\u00bb d\u2019Arthur Rimbaud avec le \u00ab&nbsp;<strong>changer le monde<\/strong>&nbsp;\u00bb de Karl Marx.<br><\/p>\n\n\n\n<h2 class=\"wp-block-heading\">Mort, la vie te guette&nbsp;!<\/h2>\n\n\n\n<figure class=\"wp-block-image is-resized\"><img loading=\"lazy\" decoding=\"async\" src=\"https:\/\/www.instantsvideo.com\/blog\/wp-content\/uploads\/2019\/09\/Capture-d\u2019\u00e9cran-2019-09-27-\u00e0-14.26.30.jpg\" alt=\"\" class=\"wp-image-4595\" width=\"514\" height=\"196\" srcset=\"https:\/\/www.instantsvideo.com\/blog\/wp-content\/uploads\/2019\/09\/Capture-d\u2019\u00e9cran-2019-09-27-\u00e0-14.26.30.jpg 685w, https:\/\/www.instantsvideo.com\/blog\/wp-content\/uploads\/2019\/09\/Capture-d\u2019\u00e9cran-2019-09-27-\u00e0-14.26.30-300x114.jpg 300w\" sizes=\"auto, (max-width: 514px) 100vw, 514px\" \/><\/figure>\n\n\n\n<hr class=\"wp-block-separator\"\/>\n\n\n\n<p style=\"text-align:right\">Photo : <em>Il est libre<\/em> \/ Jean-Jacques Lequeu (France, 1798) <\/p>\n","protected":false},"excerpt":{"rendered":"<p>Notre appel \u00e0 participation est maintenant ferm\u00e9. Nous remercions chaleureusement les plus de 1000 artistes qui nous ont fait la [&hellip;]<\/p>\n","protected":false},"author":9,"featured_media":5342,"comment_status":"open","ping_status":"closed","sticky":false,"template":"","format":"standard","meta":{"footnotes":""},"categories":[1],"tags":[],"class_list":["post-5425","post","type-post","status-publish","format-standard","has-post-thumbnail","hentry","category-non-classe"],"_links":{"self":[{"href":"https:\/\/www.instantsvideo.com\/blog\/wp-json\/wp\/v2\/posts\/5425","targetHints":{"allow":["GET"]}}],"collection":[{"href":"https:\/\/www.instantsvideo.com\/blog\/wp-json\/wp\/v2\/posts"}],"about":[{"href":"https:\/\/www.instantsvideo.com\/blog\/wp-json\/wp\/v2\/types\/post"}],"author":[{"embeddable":true,"href":"https:\/\/www.instantsvideo.com\/blog\/wp-json\/wp\/v2\/users\/9"}],"replies":[{"embeddable":true,"href":"https:\/\/www.instantsvideo.com\/blog\/wp-json\/wp\/v2\/comments?post=5425"}],"version-history":[{"count":27,"href":"https:\/\/www.instantsvideo.com\/blog\/wp-json\/wp\/v2\/posts\/5425\/revisions"}],"predecessor-version":[{"id":5673,"href":"https:\/\/www.instantsvideo.com\/blog\/wp-json\/wp\/v2\/posts\/5425\/revisions\/5673"}],"wp:featuredmedia":[{"embeddable":true,"href":"https:\/\/www.instantsvideo.com\/blog\/wp-json\/wp\/v2\/media\/5342"}],"wp:attachment":[{"href":"https:\/\/www.instantsvideo.com\/blog\/wp-json\/wp\/v2\/media?parent=5425"}],"wp:term":[{"taxonomy":"category","embeddable":true,"href":"https:\/\/www.instantsvideo.com\/blog\/wp-json\/wp\/v2\/categories?post=5425"},{"taxonomy":"post_tag","embeddable":true,"href":"https:\/\/www.instantsvideo.com\/blog\/wp-json\/wp\/v2\/tags?post=5425"}],"curies":[{"name":"wp","href":"https:\/\/api.w.org\/{rel}","templated":true}]}}