{"id":4111,"date":"2020-12-01T15:21:46","date_gmt":"2020-12-01T14:21:46","guid":{"rendered":"https:\/\/www.instantsvideo.com\/blog\/?p=4111"},"modified":"2023-05-15T10:24:50","modified_gmt":"2023-05-15T09:24:50","slug":"droits-culturels-et-poetiques","status":"publish","type":"post","link":"https:\/\/www.instantsvideo.com\/blog\/2020\/12\/droits-culturels-et-poetiques\/","title":{"rendered":"L&rsquo;axe des droits culturels &#038; po\u00e9tiques"},"content":{"rendered":"\n<p><strong>Reconna\u00eetre les identit\u00e9s culturelles de chacun, replacer les personnes au centre des politiques publiques et culturelles, r\u00e9affirmer les principes de libert\u00e9 et de dignit\u00e9 humaine, travailler concr\u00e8tement \u00e0 \u00ab\u00a0faire humanit\u00e9 ensemble\u00a0\u00bb&#8230; Les droits culturels sont \u00e0 la fois un concept, une posture, une d\u00e9marche. (Patrice Meyer-Bish)<\/strong><\/p>\n\n\n\n<p>Ainsi sur l\u2019axe des<strong>&nbsp;droits culturels et po\u00e9tiques<\/strong>,&nbsp;il s\u2019agit \u00e0 la fois de sortir les arts vid\u00e9o&nbsp;de l&rsquo;entre-soi,&nbsp;de renforcer la coop\u00e9ration du champ culturel et du champ&nbsp;<em>social,<\/em> d\u2019intensifier les possibilit\u00e9s de rencontres entre&nbsp;des personnes dans toutes leurs diversit\u00e9s. Mais il s\u2019agit aussi&nbsp;de mieux comprendre les enjeux politiques, \u00e9conomiques, culturels de l&rsquo;espace Euro-m\u00e9diterran\u00e9en et de prendre le recul n\u00e9cessaire \u00e0 notre pratique d&rsquo;acteur.rice du monde des arts et de la culture.<\/p>\n\n\n\n<p>Pour cela, nous nous sommes donn\u00e9s 2 orientations&nbsp;:<\/p>\n\n\n\n<ul class=\"wp-block-list\">\n<li><em>Education \u00e0 l\u2019image &amp; participation<\/em>&nbsp;: actions de sensibilisation, visites <em>dialogu\u00e9es<\/em>, galeries populaires, ateliers <em>Programm\u2019acteur.rice.s<\/em>&#8230;&nbsp;<\/li>\n\n\n\n<li><em>Art, citoyennet\u00e9 &amp; soci\u00e9t\u00e9s civiles<\/em>&nbsp;: engagements collectifs avec le REF (R\u00e9seau Euromed France),  la Ligue de l\u2019Enseignement (Education Populaire), Territoires Solidaires, co-organisation de stages (Libyens, Syriens&#8230;), rencontres publiques, forums, tables rondes&#8230;<\/li>\n<\/ul>\n\n\n\n<p><\/p>\n\n\n\n<div style=\"height:100px\" aria-hidden=\"true\" class=\"wp-block-spacer\"><\/div>\n","protected":false},"excerpt":{"rendered":"<p>NOS ACTIONS se d\u00e9clinent sur 2 axes qui s\u2019entrem\u00ealent, dialoguent, s\u2019enrichissent et dont les liens sont indissociables et indissolubles : un axe artistique et un axe autour les droits culturels et po\u00e9tiques.<\/p>\n","protected":false},"author":9,"featured_media":10110,"comment_status":"open","ping_status":"closed","sticky":false,"template":"","format":"standard","meta":{"footnotes":""},"categories":[142,1],"tags":[],"class_list":["post-4111","post","type-post","status-publish","format-standard","has-post-thumbnail","hentry","category-droits-culturels-poetiques","category-non-classe"],"_links":{"self":[{"href":"https:\/\/www.instantsvideo.com\/blog\/wp-json\/wp\/v2\/posts\/4111","targetHints":{"allow":["GET"]}}],"collection":[{"href":"https:\/\/www.instantsvideo.com\/blog\/wp-json\/wp\/v2\/posts"}],"about":[{"href":"https:\/\/www.instantsvideo.com\/blog\/wp-json\/wp\/v2\/types\/post"}],"author":[{"embeddable":true,"href":"https:\/\/www.instantsvideo.com\/blog\/wp-json\/wp\/v2\/users\/9"}],"replies":[{"embeddable":true,"href":"https:\/\/www.instantsvideo.com\/blog\/wp-json\/wp\/v2\/comments?post=4111"}],"version-history":[{"count":18,"href":"https:\/\/www.instantsvideo.com\/blog\/wp-json\/wp\/v2\/posts\/4111\/revisions"}],"predecessor-version":[{"id":8946,"href":"https:\/\/www.instantsvideo.com\/blog\/wp-json\/wp\/v2\/posts\/4111\/revisions\/8946"}],"wp:featuredmedia":[{"embeddable":true,"href":"https:\/\/www.instantsvideo.com\/blog\/wp-json\/wp\/v2\/media\/10110"}],"wp:attachment":[{"href":"https:\/\/www.instantsvideo.com\/blog\/wp-json\/wp\/v2\/media?parent=4111"}],"wp:term":[{"taxonomy":"category","embeddable":true,"href":"https:\/\/www.instantsvideo.com\/blog\/wp-json\/wp\/v2\/categories?post=4111"},{"taxonomy":"post_tag","embeddable":true,"href":"https:\/\/www.instantsvideo.com\/blog\/wp-json\/wp\/v2\/tags?post=4111"}],"curies":[{"name":"wp","href":"https:\/\/api.w.org\/{rel}","templated":true}]}}