{"id":347,"date":"2000-01-12T17:00:49","date_gmt":"2000-01-12T16:00:49","guid":{"rendered":"https:\/\/www.instantsvideo.com\/blog\/fr\/?p=347"},"modified":"2023-12-02T09:35:34","modified_gmt":"2023-12-02T08:35:34","slug":"archives-numeriques","status":"publish","type":"post","link":"https:\/\/www.instantsvideo.com\/blog\/2000\/01\/archives-numeriques\/","title":{"rendered":"Le Festival international <\/br>Les Instants Vid\u00e9o"},"content":{"rendered":"<p>&lt;\u00ab\u00a0<em>L&rsquo;\u00e9l\u00e9ment commun \u00e0 l&rsquo;art et la politique est que tous deux sont des ph\u00e9nom\u00e8nes du monde public<\/em>\u00a0\u00bb. Autrement dit, s&rsquo;int\u00e9resser \u00e0 l&rsquo;art d&rsquo;une mani\u00e8re politique c&rsquo;est comme \u00eatre \u00ab\u00a0<em>quelqu&rsquo;un qui sait choisir ses compagnons parmi les hommes, les choses, les pens\u00e9es, dans le pr\u00e9sent comme dans le pass\u00e9<\/em>\u00a0\u00bb (Hannah Arendt) Depuis 1988, le Festival international<strong> Les Instants Vid\u00e9o<\/strong> est une manifestation d\u00e9di\u00e9e aux arts vid\u00e9o, num\u00e9riques et po\u00e9tiques (monobandes, installations, performances, multi-m\u00e9dias\u2026). Il se d\u00e9roule \u00e0 Marseille <a href=\"http:\/\/www.lafriche.org\/fr\/les-residents\/instants-video\" target=\"_blank\" rel=\"noopener noreferrer\">Friche la Belle de Mai<\/a> \u00a0en automne, et avant et apr\u00e8s ces dates, nous collaborons avec des structures partenaires pour organiser les escales du festival dans d\u2019autres lieux de Marseille, dans la R\u00e9gion\u2026 et \u00e0 l\u2019international. L\u2019ensemble de ces escales forment ce que nous appelons <strong>une constellation po\u00e9tronique<\/strong>. Il n\u2019y a<strong> pas de concours<\/strong>, les <strong>entr\u00e9es sont libres et gratuites<\/strong>, tout comme l\u2019appel \u00e0 participation ouvert chaque ann\u00e9e entre d\u00e9cembre et mars. Le festival se veut <strong>un<\/strong> <strong>laboratoire<\/strong> o\u00f9 se c\u00f4toient artistes et \u0153uvres de r\u00e9putation internationale et des travaux encore fragiles, en gestation, d\u00e9licats.<\/p>\r\n<p><img loading=\"lazy\" decoding=\"async\" class=\"aligncenter wp-image-2830 size-large\" src=\"https:\/\/www.instantsvideo.com\/blog\/wp-content\/uploads\/2014\/09\/Expo--1024x565.jpg\" width=\"1024\" height=\"565\" srcset=\"https:\/\/www.instantsvideo.com\/blog\/wp-content\/uploads\/2014\/09\/Expo--1024x565.jpg 1024w, https:\/\/www.instantsvideo.com\/blog\/wp-content\/uploads\/2014\/09\/Expo--300x166.jpg 300w, https:\/\/www.instantsvideo.com\/blog\/wp-content\/uploads\/2014\/09\/Expo--768x424.jpg 768w, https:\/\/www.instantsvideo.com\/blog\/wp-content\/uploads\/2014\/09\/Expo-.jpg 1281w\" sizes=\"auto, (max-width: 1024px) 100vw, 1024px\" \/> <img loading=\"lazy\" decoding=\"async\" class=\"aligncenter wp-image-2833 size-large\" src=\"https:\/\/www.instantsvideo.com\/blog\/wp-content\/uploads\/2014\/09\/formes-1024x540.jpg\" width=\"1024\" height=\"540\" srcset=\"https:\/\/www.instantsvideo.com\/blog\/wp-content\/uploads\/2014\/09\/formes-1024x540.jpg 1024w, https:\/\/www.instantsvideo.com\/blog\/wp-content\/uploads\/2014\/09\/formes-300x158.jpg 300w, https:\/\/www.instantsvideo.com\/blog\/wp-content\/uploads\/2014\/09\/formes-768x405.jpg 768w, https:\/\/www.instantsvideo.com\/blog\/wp-content\/uploads\/2014\/09\/formes.jpg 1417w\" sizes=\"auto, (max-width: 1024px) 100vw, 1024px\" \/><\/p>\r\n<p>Nous ne dictons pas de th\u00e9matique, mais donnons cependant, chaque ann\u00e9e,<strong> un titre<\/strong> \u00e0 la manifestation comme on le fait pour un recueil de po\u00e8me :\u00a0<em>Br\u00fble ta propre patience,\u00a0<\/em><em>R\u00e9sistance mon beau souci,\u00a0<\/em><em>L\u2019image \u00e0 bras le corps,\u00a0<\/em><em>Sous le signe du Quetzal,\u00a0<\/em><em>Avez-vous vu l&rsquo;horizon r\u00e9cemment ?\u00a0<\/em><em>L&rsquo;homme est terre qui marche,\u00a0<\/em><em>\u2026 et nous sommes magnifiques\u00a0! <\/em><em>Tu me voulais vierge, je te voulais moins con\u00a0! &#8230;<\/em> Chaque artiste peut ou pas en tenir compte. Nous accordons une grande importance aux rencontres (artistes\/publics\/oeuvres) et cherchons \u00e0 d\u00e9velopper les conditions de celles-ci : visites <em>dialogu\u00e9es<\/em>, ateliers de sensibilisation, journ\u00e9e particuli\u00e8re. Pour que les regards puissent se croiser, les paroles s&rsquo;\u00e9changer, l&rsquo;imagination se d\u00e9brider, l&rsquo;ailleurs se repenser\/r\u00e9-inventer, une <strong>hospitalit\u00e9 radicale<\/strong> est de mise. Nous savons prolonger les rencontres apr\u00e8s les \u00e9v\u00e8nements artistiques afin que puissent se d\u00e9ployer et exister pleinement ces instants de libert\u00e9 d&rsquo;\u00e9changes, de r\u00e9flexions sans contraintes.<\/p>\r\n<p><img loading=\"lazy\" decoding=\"async\" class=\"aligncenter wp-image-2827 size-full\" src=\"https:\/\/www.instantsvideo.com\/blog\/wp-content\/uploads\/2014\/09\/d\u00e9bat-bis.jpg\" width=\"1194\" height=\"341\" srcset=\"https:\/\/www.instantsvideo.com\/blog\/wp-content\/uploads\/2014\/09\/d\u00e9bat-bis.jpg 1194w, https:\/\/www.instantsvideo.com\/blog\/wp-content\/uploads\/2014\/09\/d\u00e9bat-bis-300x86.jpg 300w, https:\/\/www.instantsvideo.com\/blog\/wp-content\/uploads\/2014\/09\/d\u00e9bat-bis-768x219.jpg 768w, https:\/\/www.instantsvideo.com\/blog\/wp-content\/uploads\/2014\/09\/d\u00e9bat-bis-1024x292.jpg 1024w\" sizes=\"auto, (max-width: 1194px) 100vw, 1194px\" \/><\/p>\r\n\r\n<div class=\"wp-block-spacer\" style=\"height: 53px;\" aria-hidden=\"true\">\u00a0<\/div>\r\n\r\n\r\n\r\n<p>Le festival est soutenu par :<\/p>\r\n\r\n\r\n\r\n<figure class=\"wp-block-image\"><img loading=\"lazy\" decoding=\"async\" width=\"1024\" height=\"244\" class=\"wp-image-3512\" src=\"https:\/\/www.instantsvideo.com\/blog\/wp-content\/uploads\/2018\/05\/logos2018-1024x244.jpg\" alt=\"\" srcset=\"https:\/\/www.instantsvideo.com\/blog\/wp-content\/uploads\/2018\/05\/logos2018-1024x244.jpg 1024w, https:\/\/www.instantsvideo.com\/blog\/wp-content\/uploads\/2018\/05\/logos2018-300x72.jpg 300w, https:\/\/www.instantsvideo.com\/blog\/wp-content\/uploads\/2018\/05\/logos2018-768x183.jpg 768w, https:\/\/www.instantsvideo.com\/blog\/wp-content\/uploads\/2018\/05\/logos2018.jpg 1241w\" sizes=\"auto, (max-width: 1024px) 100vw, 1024px\" \/><\/figure>\r\n\r\n\r\n\r\n<div class=\"wp-block-spacer\" style=\"height: 100px;\" aria-hidden=\"true\">\u00a0<\/div>","protected":false},"excerpt":{"rendered":"<p>&lt;\u00ab\u00a0L&rsquo;\u00e9l\u00e9ment commun \u00e0 l&rsquo;art et la politique est que tous deux sont des ph\u00e9nom\u00e8nes du monde public\u00a0\u00bb. Autrement dit, s&rsquo;int\u00e9resser [&hellip;]<\/p>\n","protected":false},"author":9,"featured_media":11298,"comment_status":"closed","ping_status":"closed","sticky":false,"template":"","format":"standard","meta":{"footnotes":""},"categories":[1],"tags":[],"class_list":["post-347","post","type-post","status-publish","format-standard","has-post-thumbnail","hentry","category-non-classe"],"_links":{"self":[{"href":"https:\/\/www.instantsvideo.com\/blog\/wp-json\/wp\/v2\/posts\/347","targetHints":{"allow":["GET"]}}],"collection":[{"href":"https:\/\/www.instantsvideo.com\/blog\/wp-json\/wp\/v2\/posts"}],"about":[{"href":"https:\/\/www.instantsvideo.com\/blog\/wp-json\/wp\/v2\/types\/post"}],"author":[{"embeddable":true,"href":"https:\/\/www.instantsvideo.com\/blog\/wp-json\/wp\/v2\/users\/9"}],"replies":[{"embeddable":true,"href":"https:\/\/www.instantsvideo.com\/blog\/wp-json\/wp\/v2\/comments?post=347"}],"version-history":[{"count":16,"href":"https:\/\/www.instantsvideo.com\/blog\/wp-json\/wp\/v2\/posts\/347\/revisions"}],"predecessor-version":[{"id":12072,"href":"https:\/\/www.instantsvideo.com\/blog\/wp-json\/wp\/v2\/posts\/347\/revisions\/12072"}],"wp:featuredmedia":[{"embeddable":true,"href":"https:\/\/www.instantsvideo.com\/blog\/wp-json\/wp\/v2\/media\/11298"}],"wp:attachment":[{"href":"https:\/\/www.instantsvideo.com\/blog\/wp-json\/wp\/v2\/media?parent=347"}],"wp:term":[{"taxonomy":"category","embeddable":true,"href":"https:\/\/www.instantsvideo.com\/blog\/wp-json\/wp\/v2\/categories?post=347"},{"taxonomy":"post_tag","embeddable":true,"href":"https:\/\/www.instantsvideo.com\/blog\/wp-json\/wp\/v2\/tags?post=347"}],"curies":[{"name":"wp","href":"https:\/\/api.w.org\/{rel}","templated":true}]}}