{"id":3274,"date":"2020-05-01T09:05:10","date_gmt":"2020-05-01T08:05:10","guid":{"rendered":"https:\/\/www.instantsvideo.com\/blog\/?p=3274"},"modified":"2025-07-21T13:34:02","modified_gmt":"2025-07-21T12:34:02","slug":"who-are-we","status":"publish","type":"post","link":"https:\/\/www.instantsvideo.com\/blog\/en\/2020\/05\/who-are-we\/","title":{"rendered":"Who are we ?"},"content":{"rendered":"\n<p><em>Les Instants Vid\u00e9o Num\u00e9riques et po\u00e9tiques<\/em> is a non-profit art organisation (association law 1901) &nbsp;based in Marseille which works in the field of video arts both locally and internationally.<br>Our project&nbsp;<strong><em>Thought &amp; practice of images<\/em><\/strong> is following two major headings <span lang=\"en-GB\">that overlap, interact and enrich one another, and which links are inseparable and unbreakable:&nbsp;one is&nbsp;<\/span><strong><span lang=\"en-GB\">artistic<\/span><\/strong><span lang=\"en-GB\">&nbsp;and the other i<\/span><span lang=\"en-GB\">s<\/span><span lang=\"en-GB\"> related to&nbsp;<\/span><strong><span lang=\"en-GB\">cultural &amp; poetical rights<\/span><\/strong><span lang=\"en-GB\">.<\/span><\/p>\n\n\n\n<p>On the<strong> artistic level<\/strong>, our task is to bear witness on the <strong>evolution of digital and video art creation, <\/strong><span style=\"color: #000000;\"><span style=\"font-family: Helvetica Neue;\"><span style=\"font-size: medium;\"><span lang=\"en-GB\">to disseminate and promote them, to support emerging creation and video<\/span><\/span><\/span><\/span><span style=\"color: #000000;\"><span style=\"font-family: Helvetica Neue;\"><span style=\"font-size: medium;\"><span lang=\"en-GB\">graphies<\/span><\/span><\/span><\/span><span style=\"color: #000000;\"><span style=\"font-family: Helvetica Neue;\"><span style=\"font-size: medium;\"><span lang=\"en-GB\"> that are not widely distributed, and to support artists&rsquo; <\/span><\/span><\/span><\/span><span style=\"color: #000000;\"><span style=\"font-family: Helvetica Neue;\"><span style=\"font-size: medium;\"><span lang=\"en-GB\">routes<\/span><\/span><\/span><\/span><span style=\"color: #000000;\"><span style=\"font-family: Helvetica Neue;\"><span style=\"font-size: medium;\"><span lang=\"en-GB\">, from local to international.<\/span><\/span><\/span><\/span><\/p>\n\n\n\n<p>Our activities follow 4 directions:<br>&#8211; Artistic programming (exhibitions and screenings),<br>&#8211; Art works ambassador and go-between,<br>&#8211; Expertise sharer: mentoring of artists and organisations, co-creation &amp; support of festivals, jury in festival, diploma, conferences, lectures&#8230;<br>&#8211; Exchange of knowledges: publications, workshops, symposiums&#8230;<\/p>\n\n\n\n<p><span style=\"color: #000000;\">The second area focuses on <strong>cultural and poetic rights<\/strong> as fundamental rights. Following in the footsteps of Fluxus (the avant-garde artistic movement from which video art sprang), we believe that there is an umbilical cord linking <strong>art to life<\/strong>. The association is working to so that video arts <span style=\"font-family: Helvetica Neue;\"><span style=\"font-size: medium;\"><span lang=\"en-GB\">are <\/span><\/span><\/span><span style=\"font-family: Helvetica Neue;\"><span style=\"font-size: medium;\"><span lang=\"en-GB\">not<\/span><\/span><\/span><span style=\"font-family: Helvetica Neue;\"><span style=\"font-size: medium;\"><span lang=\"en-GB\"> kept into an enclave <\/span><\/span><\/span><span style=\"font-family: Helvetica Neue;\"><span style=\"font-size: medium;\"><span lang=\"en-GB\">but<\/span><\/span><\/span><span style=\"font-family: Helvetica Neue;\"><span style=\"font-size: medium;\"><span lang=\"en-GB\"> share<\/span><\/span><\/span><span style=\"font-family: Helvetica Neue;\"><span style=\"font-size: medium;\"><span lang=\"en-GB\">d<\/span><\/span><\/span><span style=\"font-family: Helvetica Neue;\"><span style=\"font-size: medium;\"><span lang=\"en-GB\"> largely, <\/span><\/span><\/span><span style=\"font-family: Helvetica Neue;\"><span style=\"font-size: medium;\"><span lang=\"en-GB\">but also<\/span><\/span><\/span> <span style=\"font-family: Helvetica Neue;\"><span style=\"font-size: medium;\"><span lang=\"en-GB\">to intensify the possibilities of encounters between a <\/span><\/span><\/span><span style=\"font-family: Helvetica Neue;\"><span style=\"font-size: medium;\"><span lang=\"en-GB\">multiplicity and diversity of persons<\/span><\/span><\/span> <span style=\"font-family: Helvetica Neue;\"><span style=\"font-size: medium;\"><span lang=\"en-GB\">(fields of art, education, social&#8230;). But <\/span><\/span><\/span><span style=\"font-family: Helvetica Neue;\"><span style=\"font-size: medium;\"><span lang=\"en-GB\">our purpose is also to understand <\/span><\/span><\/span><span style=\"font-family: Helvetica Neue;\"><span style=\"font-size: medium;\"><span lang=\"en-GB\">what are <\/span><\/span><\/span><span style=\"font-family: Helvetica Neue;\"><span style=\"font-size: medium;\"><span lang=\"en-GB\">the <\/span><\/span><\/span><span style=\"font-family: Helvetica Neue;\"><span style=\"font-size: medium;\"><span lang=\"en-GB\">political, economic, cultural challenges of the <\/span><\/span><\/span><span style=\"font-family: Helvetica Neue;\"><span style=\"font-size: medium;\"><span lang=\"en-GB\">E<\/span><\/span><\/span><span style=\"font-family: Helvetica Neue;\"><span style=\"font-size: medium;\"><span lang=\"en-GB\">uro-<\/span><\/span><\/span><span style=\"font-family: Helvetica Neue;\"><span style=\"font-size: medium;\"><span lang=\"en-GB\">M<\/span><\/span><\/span><span style=\"font-family: Helvetica Neue;\"><span style=\"font-size: medium;\"><span lang=\"en-GB\">editerranean <\/span><\/span><\/span><span style=\"font-family: Helvetica Neue;\"><span style=\"font-size: medium;\"><span lang=\"en-GB\">Region<\/span><\/span><\/span> <span style=\"font-family: Helvetica Neue;\"><span style=\"font-size: medium;\"><span lang=\"en-GB\">in order to get the necessary distance to perform as an actor of the word of arts and culture.<\/span><\/span><\/span><\/span><\/p>\n\n\n\n<p>We therefor act in 2 directions:<br>&#8211; Image education &amp; participation: video art awareness workshop, conversation tour of exhibitions, popular art galleries, the <em>Programm\u2019actors<\/em> collaborative project&#8230;<br>&#8211; Art, citizenship &amp; civil society: collective commitments with <a href=\"http:\/\/www.euromed-france.org\">REF<\/a> (Euromed network France), <a href=\"https:\/\/www.laligue13.fr\">Ligue de l\u2019Enseignement13&nbsp;<\/a>(Popular education), <a href=\"http:\/\/www.territoires-solidaires.com\">Territoires Solidaires<\/a>, co-organisation of workshops (Libyan, Syrian youths), public encounters, forums, panel discussions&#8230;)<\/p>\n\n\n\n<p>&nbsp;<\/p>\n\n\n\n<h3 class=\"wp-block-heading\"><strong>Who are the members ?<\/strong><\/h3>\n\n\n\n<p>The activities of the association are made possible thanks to the commitment of the volunteers, whose <strong>competencies and sensitivities<\/strong> are multiple: education, arts, culture, social work, health&#8230; and who are involved in the daily life of the structure as well as in the artistic project, together with the more permanent team.<\/p>\n\n\n\n<p>Our board is composed by:\u00a0<br>Jako Blanc (Musician, singer, comedian)<br>Jad Challita (Web developer)<br>Nad\u00e8ge Cormier (Nurse)<br>Patrice Garnero (Nurse)<br>Yann Gicquel (Textile designer)<br>Ayman Khoury (director, photographer)<br>Bashir Massad (Laser and light artist)<br>Marine M\u2019Sili (Teacher)<br>Willy Legaud (Teacher school of arts, graphic designer, webmaster)<br>Lola Mercier (School Life Coordinator)<br>Nina Rigollier (Student)<br>Franck Vernet (Administrator)<\/p>\n\n\n\n<div style=\"height:60px\" aria-hidden=\"true\" class=\"wp-block-spacer\"><\/div>\n\n\n\n<h3 class=\"wp-block-heading\"><strong>The team<\/strong><\/h3>\n\n\n\n<p>Trecy Afonso (technical coordination)<br><span style=\"font-size: inherit;\">Willy Legaud (graphic designer)<br><\/span>Lola Lyphoudt &nbsp;(relations with the audiences and artistic programming)<br><span style=\"font-size: inherit;\">Na\u00efk M\u2019Sili (direction)<br><\/span>Nina Rigollier (internship Master Cultural Mediation)<br>Jay Sutherland (civic engagement in cultural mediation)<\/p>\n\n\n\n<div style=\"height:45px\" aria-hidden=\"true\" class=\"wp-block-spacer\"><\/div>\n\n\n\n<p>Since 2022, a <strong>collective<\/strong> bears the&nbsp;<strong>responsibility of&nbsp;the artistic programing of the association<\/strong>: <strong>Trecy Afonso, Sabrina Belfry, Jako Blanc, Lola Lyphoudt, Bashir Massad<\/strong><br>Together they say: \u201c<em>To share the artistic responsibility, is to introduce horizontality in the process of fabrication of the festival, as well as in the relations with the artists.&nbsp;Our job is to reveal art works, to open&nbsp;perspectives, to push back the boundaries (even to wipe them out), to make connections,&nbsp;and also<\/em>&nbsp;<em>to&nbsp;stay<\/em>&nbsp;<em>open&nbsp;to&nbsp;what we do not know yet,&nbsp;what is beyond us, what<\/em>&nbsp;<em>overwhelms us.&nbsp;What is all-important is the art works and the artists (&#8230;)<\/em>\u201d.<\/p>\n\n\n\n<div style=\"height:61px\" aria-hidden=\"true\" class=\"wp-block-spacer\"><\/div>\n\n\n\n<figure class=\"wp-block-image\"><img loading=\"lazy\" decoding=\"async\" width=\"1024\" height=\"381\" src=\"https:\/\/www.instantsvideo.com\/blog\/wp-content\/uploads\/2019\/05\/Capture-d\u2019\u00e9cran-2019-05-17-\u00e0-10.56.28-1024x381.png\" alt=\"\" class=\"wp-image-4229\" srcset=\"https:\/\/www.instantsvideo.com\/blog\/wp-content\/uploads\/2019\/05\/Capture-d\u2019\u00e9cran-2019-05-17-\u00e0-10.56.28-1024x381.png 1024w, https:\/\/www.instantsvideo.com\/blog\/wp-content\/uploads\/2019\/05\/Capture-d\u2019\u00e9cran-2019-05-17-\u00e0-10.56.28-300x111.png 300w, https:\/\/www.instantsvideo.com\/blog\/wp-content\/uploads\/2019\/05\/Capture-d\u2019\u00e9cran-2019-05-17-\u00e0-10.56.28-768x285.png 768w, https:\/\/www.instantsvideo.com\/blog\/wp-content\/uploads\/2019\/05\/Capture-d\u2019\u00e9cran-2019-05-17-\u00e0-10.56.28.png 1079w\" sizes=\"auto, (max-width: 1024px) 100vw, 1024px\" \/><\/figure>\n\n\n\n<div style=\"height:100px\" aria-hidden=\"true\" class=\"wp-block-spacer\"><\/div>\n","protected":false},"excerpt":{"rendered":"<p>In the field of video art creation in Marseille Region, our association holds a singular position, both in its approach and in its artistic choices, which is the result of a long-term project carried out on our home base as well as at an international level.<\/p>\n","protected":false},"author":9,"featured_media":2208,"comment_status":"open","ping_status":"closed","sticky":false,"template":"","format":"standard","meta":{"footnotes":""},"categories":[52],"tags":[],"class_list":["post-3274","post","type-post","status-publish","format-standard","has-post-thumbnail","hentry","category-aboutus"],"_links":{"self":[{"href":"https:\/\/www.instantsvideo.com\/blog\/wp-json\/wp\/v2\/posts\/3274","targetHints":{"allow":["GET"]}}],"collection":[{"href":"https:\/\/www.instantsvideo.com\/blog\/wp-json\/wp\/v2\/posts"}],"about":[{"href":"https:\/\/www.instantsvideo.com\/blog\/wp-json\/wp\/v2\/types\/post"}],"author":[{"embeddable":true,"href":"https:\/\/www.instantsvideo.com\/blog\/wp-json\/wp\/v2\/users\/9"}],"replies":[{"embeddable":true,"href":"https:\/\/www.instantsvideo.com\/blog\/wp-json\/wp\/v2\/comments?post=3274"}],"version-history":[{"count":54,"href":"https:\/\/www.instantsvideo.com\/blog\/wp-json\/wp\/v2\/posts\/3274\/revisions"}],"predecessor-version":[{"id":14741,"href":"https:\/\/www.instantsvideo.com\/blog\/wp-json\/wp\/v2\/posts\/3274\/revisions\/14741"}],"wp:featuredmedia":[{"embeddable":true,"href":"https:\/\/www.instantsvideo.com\/blog\/wp-json\/wp\/v2\/media\/2208"}],"wp:attachment":[{"href":"https:\/\/www.instantsvideo.com\/blog\/wp-json\/wp\/v2\/media?parent=3274"}],"wp:term":[{"taxonomy":"category","embeddable":true,"href":"https:\/\/www.instantsvideo.com\/blog\/wp-json\/wp\/v2\/categories?post=3274"},{"taxonomy":"post_tag","embeddable":true,"href":"https:\/\/www.instantsvideo.com\/blog\/wp-json\/wp\/v2\/tags?post=3274"}],"curies":[{"name":"wp","href":"https:\/\/api.w.org\/{rel}","templated":true}]}}