{"id":2540,"date":"2016-09-18T18:06:41","date_gmt":"2016-09-18T17:06:41","guid":{"rendered":"https:\/\/www.instantsvideo.com\/blog\/fr\/?p=2540"},"modified":"2016-11-02T11:49:52","modified_gmt":"2016-11-02T10:49:52","slug":"exposition-de-25-installations-video-numeriques-et-poetiques","status":"publish","type":"post","link":"https:\/\/www.instantsvideo.com\/blog\/2016\/09\/exposition-de-25-installations-video-numeriques-et-poetiques\/","title":{"rendered":"Exposition de 25 installations vid\u00e9o, num\u00e9riques et po\u00e9tiques"},"content":{"rendered":"<h3 style=\"text-align: center;\"><strong>A la Friche la Belle de Mai<\/strong><\/h3>\n<p style=\"text-align: center;\"><strong>Faut-il renoncer \u00e0 la libert\u00e9 pour \u00eatre heureux\u00a0?<\/strong><br \/>\nSalle des Machines, 10 novembre au 4 d\u00e9cembre, 14h \u2013 19h (sauf lundi 11h- &#8211; 19h)<br \/>\nOuverture exceptionnelle jusqu&rsquo;\u00e0 22h le jour du vernissage (10 novembre)<\/p>\n<p>Le titre de cette exposition, nous l&rsquo;avons emprunt\u00e9 \u00e0 Roland Gori. Nous pourrions le justifier ainsi : La promesse de bonheur faite aux peuples et aux individus ne constitue-t-elle pas \u00e0 l&rsquo;instar des religions et des id\u00e9ologies un opium qui les prive de leur libert\u00e9 ? Dans une soci\u00e9t\u00e9 obs\u00e9d\u00e9e par la norme, le bonheur a aujourd&rsquo;hui pris le masque de la s\u00e9curit\u00e9. Les \u0153uvres pr\u00e9sent\u00e9es ici sont une sorte de mise en garde sur les dangers de la pens\u00e9e utilitaire, et de la confiance aveugle que nous accordons \u00e0 ce qui semble aller de soi, par habitude, par lassitude, et qui constitue en somme une forme dangereuse de servitude volontaire.<\/p>\n<p><strong><em>Causette<\/em> (13&rsquo;23) \/ Samuel Bester (France)<\/strong><br \/>\n<em>Causette<\/em> est le terme qui a \u00e9t\u00e9 propos\u00e9 en France pour traduire le mot anglais \u00ab\u00a0chat\u00a0\u00bb utilis\u00e9 pour d\u00e9finir la \u00ab conversation entre plusieurs personnes connect\u00e9es en m\u00eame temps \u00e0 un r\u00e9seau, qui \u00e9changent des messages s\u2019affichant en temps r\u00e9el sur leur \u00e9cran \u00bb. La vid\u00e9o permet de rendre plus fluide les \u00e9changes.<\/p>\n<p><strong><em>Chemin des dames<\/em> (15&prime;) \/ Philippe Astorg (France)<\/strong><br \/>\nLa pi\u00e8ce \u00e9voque la vie de civils durant la premi\u00e8re guerre mondiale. Elle montre quelques aspects tragiques de la guerre, mais s&rsquo;attache plus au quotidien de tout un chacun et plus sp\u00e9cialement \u00e0 celui des femmes. Trait\u00e9e de mani\u00e8re tr\u00e8s plastique, la pi\u00e8ce est projet\u00e9e \u00e0 l&rsquo;horizontale sur une dalle qui figure une tombe; elle est en ceci un monument aux morts qui rend hommage aux populations de cette guerre.<\/p>\n<figure id=\"attachment_2564\" aria-describedby=\"caption-attachment-2564\" style=\"width: 921px\" class=\"wp-caption aligncenter\"><img loading=\"lazy\" decoding=\"async\" class=\"wp-image-2564 size-full\" src=\"https:\/\/www.instantsvideo.com\/blog\/wp-content\/uploads\/2016\/09\/Philippe-Astorg-France-Chemin-des-dames-15-2014-A.jpg\" alt=\"philippe-astorg-france-chemin-des-dames-15-2014-a\" width=\"921\" height=\"350\" srcset=\"https:\/\/www.instantsvideo.com\/blog\/wp-content\/uploads\/2016\/09\/Philippe-Astorg-France-Chemin-des-dames-15-2014-A.jpg 921w, https:\/\/www.instantsvideo.com\/blog\/wp-content\/uploads\/2016\/09\/Philippe-Astorg-France-Chemin-des-dames-15-2014-A-300x114.jpg 300w, https:\/\/www.instantsvideo.com\/blog\/wp-content\/uploads\/2016\/09\/Philippe-Astorg-France-Chemin-des-dames-15-2014-A-768x292.jpg 768w\" sizes=\"auto, (max-width: 921px) 100vw, 921px\" \/><figcaption id=\"caption-attachment-2564\" class=\"wp-caption-text\">Chemin des dames \/ Philippe Astorg (France)<\/figcaption><\/figure>\n<p><strong><em>MY BBY 8L3W<\/em> (3&rsquo;03) \/ collectif artistes NEOZOON (Allemagne)<\/strong><br \/>\n<em>MY BBY 8L3W<\/em> traite de femmes qui pr\u00e9sentent leur animal domestique dans des vid\u00e9os qu\u2019elles publient sur Internet. Trente de ces vid\u00e9os sont ici assembl\u00e9es. Les femmes disent simultan\u00e9ment les m\u00eames phrases qui se multiplient.<\/p>\n<p><strong><em>NE PAS DE(t)RANGER<\/em> \/ Jean-Michel Rolland (France)<\/strong><br \/>\n<em>NE PAS DE(t)RANGER<\/em> est une installation interactive qui illustre l&rsquo;attitude de l&rsquo;Europe face \u00e0 la crise migratoire \u00e0 laquelle elle est confront\u00e9e : pour prot\u00e9ger sa qui\u00e9tude, elle s\u2019entoure de fil de fer barbel\u00e9. Quand un visiteur s&rsquo;approche du dispositif, sa pr\u00e9sence inopportune perturbe le sommeil de l&rsquo;Europe et met \u00e0 mal son unit\u00e9.<\/p>\n<p><strong><em>Squame<\/em> (7&prime;) \/ Nicolas Brault (Qu\u00e9bec)<\/strong><br \/>\n<em>Squame<\/em> explore l\u2019enveloppe sensible du corps, la peau. L\u2019animation de ses desquamations \u00e9ph\u00e9m\u00e8res, r\u00e9alis\u00e9e gr\u00e2ce \u00e0 des moulages en sucre, \u00e9voque des paysages fragiles s\u2019ouvrant sur des mondes \u00e0 la limite de l\u2019abstraction. Entre art\u00e9facts arch\u00e9ologiques et observations macroscopiques, les fronti\u00e8res friables de ces corps humains se d\u00e9robent \u00e0 notre regard.<\/p>\n<figure id=\"attachment_2657\" aria-describedby=\"caption-attachment-2657\" style=\"width: 833px\" class=\"wp-caption aligncenter\"><img loading=\"lazy\" decoding=\"async\" class=\"size-full wp-image-2657\" src=\"https:\/\/www.instantsvideo.com\/blog\/wp-content\/uploads\/2016\/09\/Capture-d\u2019\u00e9cran-2016-09-21-\u00e0-21.42.29.jpg\" alt=\"Squame \/ Nicolas Brault (Qu\u00e9bec)\" width=\"833\" height=\"439\" srcset=\"https:\/\/www.instantsvideo.com\/blog\/wp-content\/uploads\/2016\/09\/Capture-d\u2019\u00e9cran-2016-09-21-\u00e0-21.42.29.jpg 833w, https:\/\/www.instantsvideo.com\/blog\/wp-content\/uploads\/2016\/09\/Capture-d\u2019\u00e9cran-2016-09-21-\u00e0-21.42.29-300x158.jpg 300w, https:\/\/www.instantsvideo.com\/blog\/wp-content\/uploads\/2016\/09\/Capture-d\u2019\u00e9cran-2016-09-21-\u00e0-21.42.29-768x405.jpg 768w\" sizes=\"auto, (max-width: 833px) 100vw, 833px\" \/><figcaption id=\"caption-attachment-2657\" class=\"wp-caption-text\">Squame \/ Nicolas Brault (Qu\u00e9bec)<\/figcaption><\/figure>\n<p><strong><em>The Hiatus<\/em> (22&prime;) \/ Firas Shehadeh (Palestine\/Autriche)<\/strong><br \/>\nL&rsquo;installation s\u2019int\u00e9resse au concept du Hiatus de Hannah Arendt, dans une synchronisation d&rsquo;images, de sons et de r\u00e9cits historiques, soulevant des questions sur l&rsquo;exode des arabes, et cette temporalit\u00e9 faite de permanent, temporaire et pr\u00e9caire, Al Hijrah (migration) et l&rsquo;ali\u00e9nation dans le monde des morts.<br \/>\nLe voyage de Mohannad Shanno\u2019s (1990-2015) de Syrie vers Europe s&rsquo;est arr\u00eat\u00e9 \u00e0 Vienne le 12 octobre 2015. Il voyagea alors qu&rsquo;il avait une tumeur osseuse. Ses 25 derni\u00e8res ann\u00e9es confirment ce concept initial du hiatus, sa mort d\u00e9montre la discontinuit\u00e9 et la futilit\u00e9, l&rsquo;interminable et m\u00e9lancolique voyage des Arabes dans un non espace\/temps.<\/p>\n<p style=\"text-align: center;\"><strong>Pour ressentir le courant, il faut aller contre\u2026<\/strong><br \/>\nTour Panorama Niveau 3, 10 novembre au 4 d\u00e9cembre<br \/>\nOuverture exceptionnelle jusqu&rsquo;\u00e0 22h le jour du vernissage (10 novembre)<\/p>\n<p>A force de nous laisser porter par le courant, bercer par le flot nonchalant des certitudes et des habitudes, nous finissons par abandonner l&rsquo;usage de nos sens. Sans les sens, nous pensons peu et peu nous importe car nous n&rsquo;en connaissons plus l&rsquo;usage. Les arts sont l\u00e0 pour bousculer tout \u00e7\u00e0.<\/p>\n<p><strong><em>Ablution<\/em>\u00a0 \/ Agnieszka Ewa Braun (Pologne)<\/strong><br \/>\nL&rsquo;ablution est un rituel r\u00e9el ou symbolique qui implique le lavage de diff\u00e9rentes parties du corps. Ce rituel concerne aussi le lavage d&rsquo;objets cultes et d&rsquo;outils utilis\u00e9s dans les c\u00e9r\u00e9monies religieuses. L&rsquo;ablution est commune \u00e0 plusieurs religions comme symbole de purification et d&rsquo;\u00e9veil spirituel. A l&rsquo;origine, le but de ce rituel \u00e9tait de traiter symboliquement l&rsquo;impuret\u00e9 spirituelle. Toutefois, mon travail ne se rapporte pas \u00e0 la forme originelle de l&rsquo;ablution. Au lieu de cela, Il essaye de souligner la signification culturelle de la contestation qui consiste \u00e0 atteindre une repr\u00e9sentation id\u00e9alis\u00e9e du visage en le maquillant. Malgr\u00e9 une source d&rsquo;eau in\u00e9puisable, l&rsquo;ablution ne permet pas une r\u00e9elle purification. Cela provoque plut\u00f4t le trouble, une certaine obscurit\u00e9, et m\u00eame une douleur physique provoqu\u00e9e par la divulsion symbolique et la perplexit\u00e9.<\/p>\n<figure id=\"attachment_2570\" aria-describedby=\"caption-attachment-2570\" style=\"width: 1024px\" class=\"wp-caption aligncenter\"><img loading=\"lazy\" decoding=\"async\" class=\"wp-image-2570 size-large\" src=\"https:\/\/www.instantsvideo.com\/blog\/wp-content\/uploads\/2016\/09\/Agnieszka-Ewa-Braun_Ablucja_Instalacja-Wideo_projekcja-na-wodzie_2013_-1024x768.jpg\" alt=\"agnieszka-ewa-braun_ablucja_instalacja-wideo_projekcja-na-wodzie_2013_\" width=\"1024\" height=\"768\" \/><figcaption id=\"caption-attachment-2570\" class=\"wp-caption-text\">Ablution \/ Agnieszka Ewa Braun (Pologne)<\/figcaption><\/figure>\n<p><strong><em>Addendum<\/em> (5&rsquo;06) \/ J\u00e9r\u00f4me Lefdup (France)<\/strong><br \/>\nLa reconstitution des deux corps humains num\u00e9ris\u00e9s par le Visible Human Project s&rsquo;op\u00e8re de fa\u00e7on alt\u00e9r\u00e9e, distordue, et semble redonner vie et sentiments au couple d\u00e9c\u00e9d\u00e9, en une lente valse \u00e9th\u00e9r\u00e9e, post-mortem mais non morbide\u2026<\/p>\n<p><strong><em>Embuscade<\/em> (3&prime;) \/ Aline X &amp; Gustavo Jardim (Br\u00e9sil)<\/strong><br \/>\nDe ce c\u00f4t\u00e9 de la cl\u00f4ture, une \u00e9quipe de tournage, cam\u00e9ra et micro en place, faisant face \u00e0 un troupeau de b\u00e9tail, l\u00e0-bas. Nous sommes en fin de journ\u00e9e et la lumi\u00e8re devient de plus en plus faible \u00e0 l&rsquo;image, plus les secondes s&rsquo;\u00e9coulent plus le myst\u00e8re grandit sur les all\u00e9es et venues de ces \u00eatres. Mouvement hypnotique, r\u00e9p\u00e9tition naturelle, suspense et mysticisme en boucle.<\/p>\n<p><strong><em>Ce que je vois<\/em> (5&rsquo;40) \/ Fran\u00e7ois Daireaux (France)<\/strong><br \/>\n<em>Ce que je voi<\/em>s est une vid\u00e9o r\u00e9alis\u00e9e en Chine \u00e0 Haining, ville ouvri\u00e8re qui compte plus de huit mille fabriques textiles. Cette vid\u00e9o montre une ouvri\u00e8re de dos dont le travail est de scruter des kilom\u00e8tres de tissu afin d\u2019y d\u00e9tecter le moindre d\u00e9faut de fabrication. Le corps de la jeune femme oscille dans un interminable va et vient droite-gauche face au tissu qui n\u2019en finit pas de tomber et devient par l\u00e0 m\u00eame un rideau. Une lumi\u00e8re du jour, qui happe et tiens \u00e0 la fois \u00e0 distance, irradie le visage que nous ne verrons jamais ou avec si peu de d\u00e9tails que la reconnaissance n\u2019est pas possible.<\/p>\n<p><strong><em>Future in the Past<\/em> (7&rsquo;07) \/ Susanne Wiegner (Allemagne)<\/strong><br \/>\n<em>Future in the Past<\/em> est une journ\u00e9e virtuelle dans l&rsquo;univers de l&rsquo;imagination personnelle, dans des espaces surr\u00e9alistes et des endroits inattendus. Le film comprend un seul plan s\u00e9quence, sans aucune coupure. Les diff\u00e9rents int\u00e9rieurs parcourus \u00e9voquent les tableaux d&rsquo;Edward Hopper.<\/p>\n<p><strong><em>Les Pleureuses<\/em> (Triptyque, 3&rsquo;17 ) \/ Andr\u00e9 Goldberg (Belgique)<\/strong><br \/>\nCette installation vid\u00e9ographique se pr\u00e9sente sous la forme d\u2019un triptyque, trois tableaux dans un m\u00eame temps.<br \/>\nDans les deux volets ext\u00e9rieurs, deux danseuses, telles Isis et Nephthys, tentent de repr\u00e9senter par des gestes, les sentiments qui les traversent dans la douleur. Rage, culpabilit\u00e9, deuil, absence, peur, vertige, souffle, r\u00e9signation, solitude, abandon, s\u00e9paration , tristesse, \u2026 une foule d\u2019\u00e9motions qu\u2019il faut aller chercher au plus profond de soi, de son d\u2019\u00eatre, des sentiments enfouis dans le tr\u00e9fonds de l\u2019\u00e2me humaine depuis la fin des temps.<br \/>\nLa disparition d\u2019un \u00eatre cher conduit \u00e0 porter un regard particulier sur la d\u00e9pouille mortelle. La repr\u00e9sentation du corps \u00e9tant \u00e9galement le support privil\u00e9gi\u00e9 de la danse.<br \/>\nDans le tableau central, le corps du d\u00e9funt est \u00e9tendu sur le sol. Les embaumeuses dont on ne voit que le mouvement des bras et des mains, parcourent le corps, des pieds \u00e0 la t\u00eate afin de le pr\u00e9parer pour son dernier voyage.<\/p>\n<p><strong><em>Les yeux dans les yeux<\/em> (1&rsquo;28) \/ Chantal Dupont (Qu\u00e9bec)<\/strong><br \/>\nLa r\u00e9alisatrice pose des objets sur ses yeux pour d\u00e9jouer le regard du spectateur.\u00a0Masquer ses yeux, les substituer pour des objets, les mettre \u00e0 l\u2019\u00e9preuve sont des actions performatives qui rel\u00e8vent d\u2019une approche po\u00e9tique et ludique de l\u2019artiste.<\/p>\n<figure id=\"attachment_2573\" aria-describedby=\"caption-attachment-2573\" style=\"width: 1024px\" class=\"wp-caption aligncenter\"><img loading=\"lazy\" decoding=\"async\" class=\"wp-image-2573 size-large\" src=\"https:\/\/www.instantsvideo.com\/blog\/wp-content\/uploads\/2016\/09\/1107-Les-yeux-dans-les-yeux-1024x576.jpeg\" alt=\"1107-les-yeux-dans-les-yeux\" width=\"1024\" height=\"576\" srcset=\"https:\/\/www.instantsvideo.com\/blog\/wp-content\/uploads\/2016\/09\/1107-Les-yeux-dans-les-yeux-1024x576.jpeg 1024w, https:\/\/www.instantsvideo.com\/blog\/wp-content\/uploads\/2016\/09\/1107-Les-yeux-dans-les-yeux-300x169.jpeg 300w, https:\/\/www.instantsvideo.com\/blog\/wp-content\/uploads\/2016\/09\/1107-Les-yeux-dans-les-yeux-768x432.jpeg 768w, https:\/\/www.instantsvideo.com\/blog\/wp-content\/uploads\/2016\/09\/1107-Les-yeux-dans-les-yeux.jpeg 1280w\" sizes=\"auto, (max-width: 1024px) 100vw, 1024px\" \/><figcaption id=\"caption-attachment-2573\" class=\"wp-caption-text\">Les yeux dans les yeux \/ Chantal Dupont (Qu\u00e9bec)<\/figcaption><\/figure>\n<p>&nbsp;<\/p>\n<p><strong><em>Positions<\/em> (10&rsquo;20) \/ Kristina Paustian (Russie\/Allemagne)<\/strong><br \/>\nPositions montre des femmes arm\u00e9es en position de d\u00e9fense. Le spectateur se retrouve parfois face aux femmes, d&rsquo;autres fois parmi elles. La v\u00e9ritable action est hors-champ, de mani\u00e8re \u00e0 ce qu&rsquo;on puisse seulement deviner ce qui se passe dans le champ de vision des protagonistes.<br \/>\nPositions est une \u00e9tude sur la distribution des r\u00f4les et de leur ex\u00e9cution. Il ne s&rsquo;agit donc pas de traiter du sujet de l&rsquo;auto d\u00e9fense contre une personne en particulier ou un groupe de personnes, mais plut\u00f4t du concept de r\u00e9sistance aux organisations, aux syst\u00e8mes ou aux genres normatifs.<\/p>\n<p><strong><em>Preface to Damyang Pavilion2<\/em>\u00a0(3&rsquo;26) \/ YiLi,Yeh (Ta\u00efwan)<\/strong><br \/>\nJe me d\u00e9guise souvent en monstre aux pouvoirs magiques, en f\u00e9e ou en sorci\u00e8re. Dans un d\u00e9cors de ville domestiqu\u00e9e ou alors dans une nature sauvage, je fais des performances actant avec l\u2019instinct primitif d&rsquo;un enfant qui joue, puis je pr\u00e9sente ces actions sous forme d&rsquo;\u0153uvres d&rsquo;art vid\u00e9o.<\/p>\n<figure id=\"attachment_2653\" aria-describedby=\"caption-attachment-2653\" style=\"width: 3840px\" class=\"wp-caption aligncenter\"><img loading=\"lazy\" decoding=\"async\" class=\"wp-image-2653 size-full\" src=\"https:\/\/www.instantsvideo.com\/blog\/wp-content\/uploads\/2016\/09\/02_yili_taiwan_Preface-to-Damyang-Pavilion2_2014.jpg\" alt=\"02_yili_taiwan_preface-to-damyang-pavilion2_2014\" width=\"3840\" height=\"720\" \/><figcaption id=\"caption-attachment-2653\" class=\"wp-caption-text\">Preface to Damyang Pavilion2 \/ YiLi,Yeh (Ta\u00efwan)<\/figcaption><\/figure>\n<p><strong><em>Raq[s]<\/em> \/ Haythem Zakaria (Tunisie)<br \/>\n<\/strong><em>Raq[s]<\/em> est le pr\u00e9lude d\u2019un mariage improbable des textes mystiques de Dj\u00e2lal al-d\u00een R\u00fbm\u00ee et de l\u2019art g\u00e9n\u00e9ratif sous forme d\u2019installations num\u00e9riques immersives. Le tout est un mouvement transcendant r\u00e9gi par un dialogue abstrait et une attraction intime entre ses composantes : les particules. Ces particules libres voyagent, coulent, s\u2019enchev\u00eatrent, menant une danse enivrante, mystique, qui d\u00e9nature une vision unidimensionnelle dans un espace temps in ni de contemplation. Aux plus suspicieux, \u00e0 ceux qui s\u2019interrogent sur leurs intentions, l\u2019invitation est ouverte \u00e0 danser leur danse.<\/p>\n<p><strong><em>Schwimmbad<\/em> (2&rsquo;12) \/ Su Yu Hsin (Ta\u00efwan)<\/strong><br \/>\nL\u2019installation multim\u00e9dia\u00a0<em>Schwimmbad<\/em>\u00a0\u00a0est la reconstitution d&rsquo;une chambre \u00e0 Taipei. La cam\u00e9ra a enregistr\u00e9 l\u2019action en un seul plan s\u00e9quence. Le corps se laisse guider par les \u00e9motions. L\u2019esprit et les pens\u00e9es se d\u00e9placent avec les souvenirs du lieu et des objets.<\/p>\n<p><strong><em>Sous la surface<\/em> (triptyque, 7&prime;) \/ Pauliina Salminen &amp; Mouna Jemal Siala (Finlande\/Tunisie)<\/strong><br \/>\nSous la surface est une cr\u00e9ation autour de la notion de r\u00e9volte int\u00e9rieure et de l&rsquo;impossibilit\u00e9 de la formuler et de l&rsquo;exprimer distinctement. Dans cette oeuvre, la r\u00e9volte est mise \u00e0 l&rsquo;\u00e9preuve de la contrainte de l&rsquo;eau, \u00e9l\u00e9ment qui porte le corps mais contraint la parole. Elle est observ\u00e9e dans deux villes : Marseille et Tunis, li\u00e9es \u00e0 un m\u00eame \u00e9l\u00e9ment passerelle la M\u00e9diterran\u00e9e<\/p>\n<p><strong><em>The Rise and Fall: Yuri&rsquo;s Endless Journey<\/em> + <em>The Fall of Icarus<\/em>\u00a0 \/ Tiger Chengliang Cai (Chine\/USA)<\/strong><br \/>\nUne installation vid\u00e9o compos\u00e9e de deux \u00e9crans, deux films d&rsquo;animation diffus\u00e9s en boucle,<em> Yuri&rsquo;s Endless Journey&rsquo;<\/em> et <em>The Fall of Icarus<\/em>, l&rsquo;un \u00e0 c\u00f4t\u00e9 de l&rsquo;autre, simultan\u00e9ment.<br \/>\n<em>Yuri\u2019s Endless Journey<\/em> : Yuri est le pr\u00e9nom de Yuri Gagarin, le premier homme a \u00eatre all\u00e9 dans l&rsquo;espace. En 1961, avec le vaisseau spatial Russe Vostok I, Gagarin entra dans l&rsquo;orbite terrestre. Il y resta 1h48 et revint sur terre avec succ\u00e8s. Toutefois, en 1968, Gagarin est mort tragiquement jeune dans un crash a\u00e9rien pendant une s\u00e9ance d&rsquo;entrainement. Quelque temps apr\u00e8s, les autorit\u00e9s Russes ont construit \u00e0 Moscou une gigantesque statue repr\u00e9santant Gagarin s&rsquo;\u00e9levant dans les airs.<br \/>\nDans le film d&rsquo;animation, la statue de Gagarin vole \u00e0 travers les \u00e9toiles, les n\u00e9buleuses et les galaxies, en direction d&rsquo;un myst\u00e9rieux faisceau de lumi\u00e8re. Sa journ\u00e9e semble ne jamais s&rsquo;arr\u00eater.<br \/>\nIl s&rsquo;agit d&rsquo;une m\u00e9taphore de l&rsquo;ambition, du d\u00e9sir et de la foi en la civilisation humaine. Malgr\u00e9 toute notre noblesse et notre grandeur, les humains sont seuls. Nous devons suivre notre chemin seuls. Nous pourrons toujours essayer de toutes nos forces, nous ne serons probablement jamais capables de connaitre la v\u00e9rit\u00e9 absolue de l&rsquo;univers. Comme cette vid\u00e9o d&rsquo;animation en boucle, nous devons aller de l&rsquo;avant, ce qui veut dire plus haut, plus vite et plus fort, jusqu&rsquo;\u00e0 la fin des temps\u00a0; et il n&rsquo;y a pas d&rsquo;autre choix pour nous.<\/p>\n<h3 style=\"text-align: center;\">Cartonnerie du 10 au 13 novembre, Dispositifs Vid\u00e9o Internationaux<br \/>\n<strong>Quatre \u00e9crans pour que le public marseillais puisse voir ce qui se trame ailleurs.<\/strong><\/h3>\n<p><strong>TVA (C&rsquo;est un Trou de Verdure o\u00f9 chantent des programmations Argentines)<\/strong><br \/>\nPoste 1 : Programmation du <strong>Festival VideoBardo (Buenos Aires)<\/strong> pour les Instants Vid\u00e9o avec<br \/>\n\u00d3 C\u00e9illeachairI Donal (Irlande), Ausin S\u00e1inz (Espagne), Juan Manuel Galvis (Colombie), Tom Konyves &amp; Javier Robledo (Canada\/Argentine), Marisol Bellusci (Argentine), Luis Saray (Colombie), Jurgen Hagler &amp; Remo Rauscher (Autriche), Carlos Martins (Argentine), Rachel &amp; Zlatko Cosic (Bosnie\/USA), Alejandro Thorton (Argentine), Sally Larson (USA), Jukka-Pekka Jalovaara (Finlande), Gruppo Sinestetico (Italie).<\/p>\n<p>Poste 2 : Programmation des<strong> Instants Vid\u00e9o<\/strong> pour le festival VideoBardo (Buenos Aires) avec<br \/>\nLuis Lamadrid (Espagne), Michail Ozerov (Ukraine), Thomas Kyhn Rovsing Hj\u00f8rnet (Danemark), Isabella Gresser (Allemagne), Lisi Prada (Espagne), Mauricio Saenz (Mexique), Alexandra Montsaingeon (France), Mohamed Allam (Egypte), Hamda Al Qassimi (UAE), Ana Lessing Menjibar (Allemagne), Bob Kohn (France).<\/p>\n<p><strong>AVM (Allez Venez Milan, venez voir \u00e0 ma table de montage, il fait si froid dehors)<\/strong><br \/>\nPoste 3 : Programmation des Instants Vid\u00e9o diffus\u00e9e \u00e0 la<strong> [.Box] Galerie de Milan (Italie)<\/strong> avec<br \/>\n[Antonella Mignone &amp; Cristiano Panepuccia] (Italie), Melanie Menard (France\/GB), Jai Du (Espagne\/Belgique), Sebastian Eklund (Su\u00e8de), Thomas Kyhn Rovsing Hj\u00f8rnet (Danemark), Laura Skocek (Autriche), Neil Ira Needleman (USA), Fabio Scacchioli (Italie), Dragan Mileusnic &amp; Zeljko Serdarevic (Serbie\/Croatie), Masha Sha (Russie\/USA), Julia Weissenberg (Allemagne), Ramoul Maximilien (France), Mustapha Sedjal (Alg\u00e9rie\/France).<\/p>\n<p>Poste 4 : Programmation des Instants Vid\u00e9o diffus\u00e9e (24\/24h) sur<strong> www.visualcontainer.net<\/strong> avec<br \/>\nR\u00f3\u017ca Duda (Pologne), Draga Jovanovic (Serbie\/Canada), Valerie LeBlanc (Canada), Chuang Yu-Ju (Ta\u00efwan), Dagmar Sch\u00fcrrer (Autriche\/Allemagne), Egle Vismante (Lituanie\/France),\u00a0\u00a0konstantinos-antonios goutos \/ theFl\u00e2neu\u00ae (Gr\u00e8ce), Quelven (France), Ivetta Kang, Kevin Park &amp; Matthew Wolkow (Cor\u00e9e du Sud\/Canada), Le collectif B.L.U.S.H. (Qu\u00e9bec), Jane Glennie (GB), Henry Gwiazda (USA), Duygu Nazl\u0131 Akova (Turquie), Mar\u00eda Papi (Argentine).<\/p>\n<figure id=\"attachment_2614\" aria-describedby=\"caption-attachment-2614\" style=\"width: 1024px\" class=\"wp-caption aligncenter\"><img loading=\"lazy\" decoding=\"async\" class=\"wp-image-2614 size-large\" src=\"https:\/\/www.instantsvideo.com\/blog\/wp-content\/uploads\/2016\/09\/Sense-of-Place-APOTROPIA-Antonella-Mignone-Cristiano-Panepuccia-Italie-1024x432.jpg\" alt=\"Sense of Place \/ APOTROPIA [Antonella Mignone &amp; Cristiano Panepuccia] (Italie)\" width=\"1024\" height=\"432\" srcset=\"https:\/\/www.instantsvideo.com\/blog\/wp-content\/uploads\/2016\/09\/Sense-of-Place-APOTROPIA-Antonella-Mignone-Cristiano-Panepuccia-Italie-1024x432.jpg 1024w, https:\/\/www.instantsvideo.com\/blog\/wp-content\/uploads\/2016\/09\/Sense-of-Place-APOTROPIA-Antonella-Mignone-Cristiano-Panepuccia-Italie-300x127.jpg 300w, https:\/\/www.instantsvideo.com\/blog\/wp-content\/uploads\/2016\/09\/Sense-of-Place-APOTROPIA-Antonella-Mignone-Cristiano-Panepuccia-Italie-768x324.jpg 768w\" sizes=\"auto, (max-width: 1024px) 100vw, 1024px\" \/><figcaption id=\"caption-attachment-2614\" class=\"wp-caption-text\">Sense of Place \/ APOTROPIA [Antonella Mignone &amp; Cristiano Panepuccia] (Italie)<\/figcaption><\/figure>\n<h3 style=\"text-align: center;\"><strong>Galeries Populaires Eph\u00e9m\u00e8res<\/strong><br \/>\nTrois expositions hors la Friche<\/h3>\n<p style=\"text-align: center;\"><strong>ADPEI<\/strong>\u00a0&#8211; 18 bd Flammarion 13001<br \/>\nVernissage : mercredi 9 novembre \/ 17h30<br \/>\njusqu&rsquo;au 7 d\u00e9cembre, 14h \u2013 17h, lundi, mercredi et vendredi<\/p>\n<p><strong><em>Crossing<\/em> (triptyque,\u00a06&prime;)\/ Leila Alaoui (Maroc\/France)<\/strong><br \/>\n<em>Crossings<\/em> explore l&rsquo;exp\u00e9rience des migrants sub-sahariens qui quittent leurs pays dans l\u2019espoir d\u2019atteindre les rivages de la M\u00e9diterran\u00e9e.\u00a0 L\u2019installation vid\u00e9o r\u00e9v\u00e8le le traumatisme collectif provoqu\u00e9 par la travers\u00e9e des fronti\u00e8res et la fragilit\u00e9 d\u2019une communaut\u00e9 plong\u00e9e dans un nouvel environnement hostile. Tout en explorant les textures exp\u00e9rientiels de la transition psychologique et physique, l&rsquo;installation invoque aussi le concept de l&rsquo;Europe comme une utopie probl\u00e9matique dans l&rsquo;imaginaire collectif africain.<\/p>\n<p><strong><em>Le\u00efla<\/em> (2&rsquo;11) \/ Flo Arnold (France\/Maroc)<\/strong><br \/>\n<em>Le\u00efla<\/em> est une installation en hommage \u00e0 Le\u00efla Alaoui victime des attentats de Ouagadougou. L&rsquo;installation a \u00e9t\u00e9 pr\u00e9sent\u00e9e au Mus\u00e9e de la Palmeraie, \u00e0 la Biennale de Marrakech. Le\u00efla est une envol\u00e9e a\u00e9rienne, une suspension du temps dans l&rsquo;infini. Elle cr\u00e9e un espace transform\u00e9 sans fronti\u00e8re !<\/p>\n<figure id=\"attachment_2565\" aria-describedby=\"caption-attachment-2565\" style=\"width: 1024px\" class=\"wp-caption aligncenter\"><img loading=\"lazy\" decoding=\"async\" class=\"wp-image-2565 size-large\" src=\"https:\/\/www.instantsvideo.com\/blog\/wp-content\/uploads\/2016\/09\/Flo-Arnold-Leila2-1024x441.jpg\" alt=\"flo-arnold-leila2\" width=\"1024\" height=\"441\" srcset=\"https:\/\/www.instantsvideo.com\/blog\/wp-content\/uploads\/2016\/09\/Flo-Arnold-Leila2-1024x441.jpg 1024w, https:\/\/www.instantsvideo.com\/blog\/wp-content\/uploads\/2016\/09\/Flo-Arnold-Leila2-300x129.jpg 300w, https:\/\/www.instantsvideo.com\/blog\/wp-content\/uploads\/2016\/09\/Flo-Arnold-Leila2-768x331.jpg 768w\" sizes=\"auto, (max-width: 1024px) 100vw, 1024px\" \/><figcaption id=\"caption-attachment-2565\" class=\"wp-caption-text\">Le\u00efla \/ Flo Arnold (France\/Maroc)<\/figcaption><\/figure>\n<p><strong><em>Cartoline Video<\/em> (20&rsquo;09 &#8211; 2016) \/ Marc Mercier (France) &amp; Matteo Fadda (Italie)<\/strong><br \/>\n13 cartes postales vid\u00e9o r\u00e9alis\u00e9es avec des migrants \u00e0 Cagliari (Sardaigne) dans le cadre du projet \u00ab\u00a0Navigare i confini\/MigrArti \/ Tra Asia e Africa in un&rsquo;isola che c&rsquo;e\u00a0\u00bb organis\u00e9 par Carovana SMI (http:\/\/www.carovana.org\/progetto-migrarti\/). Avec la participation de Etienne (Cameroun), Ndiaga (S\u00e9n\u00e9gal), Peter (Nigeria), Halyne (Ukraine), Roric (Costa Rica), Raphael (Gr\u00e8ce), Necati &amp; Muhammed (Turquie), Rendell &amp; Ralph (Philippine), Ousman (Gambie), Yaiu Yaiu (Chine), Reda (Maroc), Modou Lobba (Gambie), Yaya (S\u00e9n\u00e9gal), Sokou (Gambie). Remerciements \u00e0 Ornella d&rsquo;Agostino et Alessandro Alessandro Melis pour l&rsquo;\u00e9l\u00e9gance et la pertinence de ce projet.<br \/>\nMigrer\u00a0: traverser une fronti\u00e8re, une montagne, la mer\u2026 Pas seulement, c&rsquo;est aussi passer d&rsquo;un langage \u00e0 un autre, d&rsquo;une culture \u00e0 une autre. Entre l&rsquo;espace que l&rsquo;on quitte et celui que l&rsquo;on trouve, il y a un temps d&rsquo;adaptation. Un temps o\u00f9 la culture d&rsquo;origine est d\u00e9j\u00e0 du pass\u00e9, o\u00f9 la culture d&rsquo;accueil est encore un futur, o\u00f9 le pr\u00e9sent laisse sans voix\u00a0: que puis-je dire de ma vie, de mes douleurs, de mes d\u00e9sirs quand je n&rsquo;ai pas les mots pour me faire comprendre\u00a0?<\/p>\n<p style=\"text-align: center;\"><strong>SARA<\/strong>\u00a0&#8211; 54a rue de Crim\u00e9e 13003<br \/>\nVernissage : mercredi 9 novembre \/ 16h (rencontre avec l&rsquo;artiste)<br \/>\njusqu&rsquo;au 7 d\u00e9cembre, 14h \u2013 17h lundi, jeudi et vendredi<\/p>\n<p><strong><em>Lying on Camera<\/em> (4&rsquo;41) \/ Caram Kapp (Allemagne)<\/strong><br \/>\nL&rsquo;installation<em> Lying on camera<\/em> est inspir\u00e9e des vers de Nizar Qabbani \u00ab\u00a0Quand annonceront-ils la mort des Arabes ?\u00a0\u00bb, et les traduit par un film d&rsquo;horreur fait d&rsquo;une minutieuse calligraphie en trente langues diff\u00e9rentes. C&rsquo;est une mani\u00e8re de d\u00e9noncer la m\u00e9diatisation de la souffrance, par un message empathique exprim\u00e9 en plusieurs langues.<\/p>\n<p style=\"text-align: center;\"><strong>DEUX [d\u00f8]<\/strong>&#8211; 2 rue de la Biblioth\u00e8que, 13001<br \/>\nVernissage\u00a0: mardi 8 novembre \u00e0 18h30<br \/>\nDu 9 au 12 novembre \/ du mercredi au samedi 10h \u2013 17h<br \/>\nDu 16 novembre au 3 d\u00e9cembre \/ du mercredi au samedi 14h \u2013 18h<\/p>\n<p><strong><em>#MemoryoftheUniverse | \u00ab\u00a0Syria Planum: For Water for Oil\u00a0\u00bb<\/em> (7&rsquo;22 ) \/ Alysse Stepanian (USA)<\/strong><br \/>\nAlors que de plus en plus d&rsquo;humains et autres animaux se voient d\u00e9placer \u00e0 cause des changements climatiques et de la s\u00e9cheresse, les guerres p\u00e9tro-politiques se verront \u00e9clips\u00e9es par des besoins urgents comme l&rsquo;acc\u00e8s \u00e0 l&rsquo;eau potable. \u00ab\u00a0<em>Syria Planum: For Water for Oil<\/em>\u00a0\u00bb est la premi\u00e8re version de <em>#MemoryoftheUniverse<\/em> (M\u00e9moire de l&rsquo;Univers), une travail qui combine la fiction au r\u00e9el des \u00e9v\u00e9nement mondiaux. Ce travail couvre des sujets d\u00e9licats et controvers\u00e9s \u00e0 l&rsquo;intersection de probl\u00e9matiques sociales et politiques au moyen d&rsquo;images r\u00e9cup\u00e9r\u00e9es puis diffus\u00e9es dans un monde post-humain. Certains des sujets explor\u00e9s sont l&rsquo;Anthropoc\u00e8ne, la p\u00e9tropolitique et la guerre de l&rsquo;eau, le nationalisme, le colonialisme, la politique et l&rsquo;\u00e9thique en science et technologie, les dr\u00f4nes et le \u00ab\u00a0militainment\u00a0\u00bb (divertissement avec des th\u00e8mes militaires), terrorisme, r\u00e9fugi\u00e9s, et l&rsquo;exploitation de l&rsquo;homme et autres animaux.<br \/>\nHistoriquement, dans les soci\u00e9t\u00e9s patriarcales les corps et les organes reproducteurs des femmes et des vaches sont assujetis. Le personnage central de ce travail est un super h\u00e9ros qui est moiti\u00e9 humain, moiti\u00e9 vache. J&rsquo;aime penser \u00e0 lui comme \u00e0 la version f\u00e9minine du Surhomme de Nietzsche (\u00dcbermensch), qui repr\u00e9sente l&rsquo;espoir dans le d\u00e9sespoir. Son errance dans le paysage d\u00e9sol\u00e9 de Mars, incluant le Syria Planum, est le symbole de l&rsquo;isolement qu&rsquo;elle \u00e9prouve apr\u00e8s avoir d\u00e9passer la ligne qui s\u00e9pare les humains des autres animaux. Elle observe, assimile et est boulevers\u00e9e par ce qu&rsquo;elle voit, pr\u00e9parant les actions \u00e0 venir. La question de \u00ab\u00a0Que se passe-t-il apr\u00e8s ?\u00a0\u00bb fait avancer la s\u00e9rie, comme dans les feuilletons.<\/p>\n<p><strong><em>Yellow tea cup : refugees at sea<\/em> (2&rsquo;58) \/ Cheryl Pagurek (Canada)<\/strong><br \/>\nLa tasse jaune : r\u00e9fugi\u00e9s en mer contient des images d\u2019actualit\u00e9s projet\u00e9s \u00e0 l\u2019int\u00e9rieur d\u2019une tasse en fa\u00efence, h\u00e9rit\u00e9e de ma grand-m\u00e8re immigr\u00e9e. La tasse devient ici une fen\u00eatre sur le monde et nous rapproche de l\u2019\u00e9v\u00e9nement en \u00e9voquant les tensions et intersections entre le priv\u00e9 et le public, le pass\u00e9 et le pr\u00e9sent, l\u2019ordre et le chaos. L\u2019objet tient lieu de cadre contextuel, introduisant la notion de v\u00e9cu personnel et proposant une dimension humaine aux \u00e9v\u00e8nements qui nous sont pr\u00e9sent\u00e9s.<\/p>\n","protected":false},"excerpt":{"rendered":"<p>A la Friche la Belle de Mai Faut-il renoncer \u00e0 la libert\u00e9 pour \u00eatre heureux\u00a0? Salle des Machines, 10 novembre [&hellip;]<\/p>\n","protected":false},"author":9,"featured_media":2559,"comment_status":"open","ping_status":"closed","sticky":false,"template":"","format":"standard","meta":{"footnotes":""},"categories":[16],"tags":[],"class_list":["post-2540","post","type-post","status-publish","format-standard","has-post-thumbnail","hentry","category-16"],"_links":{"self":[{"href":"https:\/\/www.instantsvideo.com\/blog\/wp-json\/wp\/v2\/posts\/2540","targetHints":{"allow":["GET"]}}],"collection":[{"href":"https:\/\/www.instantsvideo.com\/blog\/wp-json\/wp\/v2\/posts"}],"about":[{"href":"https:\/\/www.instantsvideo.com\/blog\/wp-json\/wp\/v2\/types\/post"}],"author":[{"embeddable":true,"href":"https:\/\/www.instantsvideo.com\/blog\/wp-json\/wp\/v2\/users\/9"}],"replies":[{"embeddable":true,"href":"https:\/\/www.instantsvideo.com\/blog\/wp-json\/wp\/v2\/comments?post=2540"}],"version-history":[{"count":12,"href":"https:\/\/www.instantsvideo.com\/blog\/wp-json\/wp\/v2\/posts\/2540\/revisions"}],"predecessor-version":[{"id":2729,"href":"https:\/\/www.instantsvideo.com\/blog\/wp-json\/wp\/v2\/posts\/2540\/revisions\/2729"}],"wp:featuredmedia":[{"embeddable":true,"href":"https:\/\/www.instantsvideo.com\/blog\/wp-json\/wp\/v2\/media\/2559"}],"wp:attachment":[{"href":"https:\/\/www.instantsvideo.com\/blog\/wp-json\/wp\/v2\/media?parent=2540"}],"wp:term":[{"taxonomy":"category","embeddable":true,"href":"https:\/\/www.instantsvideo.com\/blog\/wp-json\/wp\/v2\/categories?post=2540"},{"taxonomy":"post_tag","embeddable":true,"href":"https:\/\/www.instantsvideo.com\/blog\/wp-json\/wp\/v2\/tags?post=2540"}],"curies":[{"name":"wp","href":"https:\/\/api.w.org\/{rel}","templated":true}]}}