{"id":2486,"date":"2016-09-22T12:27:05","date_gmt":"2016-09-22T11:27:05","guid":{"rendered":"https:\/\/www.instantsvideo.com\/blog\/fr\/?p=2486"},"modified":"2016-10-10T10:08:47","modified_gmt":"2016-10-10T09:08:47","slug":"29e-festival-les-instants-video-2016","status":"publish","type":"post","link":"https:\/\/www.instantsvideo.com\/blog\/2016\/09\/29e-festival-les-instants-video-2016\/","title":{"rendered":"29e Festival Les Instants Vid\u00e9o 2016"},"content":{"rendered":"<p>Il y a quatre-vingt ans (1936), les fascistes espagnols assassinaient le po\u00e8te Federico Garcia Lorca, aujourd&rsquo;hui on assassine la po\u00e9sie\u00a0!<\/p>\n<h3 style=\"text-align: center;\"><strong>Etat d&rsquo;Urgence Po\u00e9tique\u00a0<\/strong><\/h3>\n<p>Ceux qui amassent du bl\u00e9 ne sont pas fauch\u00e9s\u00a0! Ceux qui sont fauch\u00e9s sont roul\u00e9s dans la farine par ceux qui apportent de l&rsquo;eau au moulin des OGM du mensonge.<br \/>\nCeux qui font le march\u00e9 de l&rsquo;art imposent leurs go\u00fbts. Leurs clients avalent des d\u00e9go\u00fbts et des couleuvres.<br \/>\nCeux qui clament que les affaires sont les affaires d\u00e9nudent ceux qui s&rsquo;affairent \u00e0 trouver du travail.<br \/>\nCeux qui se d\u00e9filent quand le peuple d\u00e9file et d\u00e9fie l&rsquo;injustice se ruent dans des fan-zones commerciales pour solder leur humanit\u00e9.<br \/>\nCeux qui croient en la justice divine font souvent une croix sur la fraternit\u00e9 terrestre.<br \/>\nCeux qui polissent leur \u00e9go sur les r\u00e9seaux sociaux prennent leurs cliques et leurs claques quand les mouvements sociaux scandent Tous Egaux\u00a0!<br \/>\nCeux qui ont des larmes de crocodile noient une seconde fois les migrants naufrag\u00e9s.<\/p>\n<p>Le festival Les Instants Vid\u00e9o a la bonne r\u00e9putation de parcourir le monde tout le long de l&rsquo;ann\u00e9e, mais que fait-il tout le large\u00a0? Il se laisse parcourir par le monde\u2026, des femmes et des hommes qui accostent avec des rires et des col\u00e8res, des images et des sons qui \u00e9bruitent des humeurs et des pens\u00e9es parfois solitaires, toujours solidaires. Les Instants Vid\u00e9o sont radicalement engag\u00e9s po\u00e9tiquement, c&rsquo;est-\u00e0-dire qu&rsquo;ils militent pour une transformation des langages, pour une cr\u00e9olisation des corps, des images, des sons et des pens\u00e9es. L&rsquo;art vid\u00e9o est un art contemporain d&rsquo;un monde en cours de m\u00e9tissages.<\/p>\n<p>Nous vous souhaitons la bienvenue en cette 29e \u00e9dition des Instants Vid\u00e9o qui fait de Marseille, pendant quelques semaines, le plus grand port d&rsquo;accueil d&rsquo;\u0153uvres d&rsquo;art vid\u00e9o et num\u00e9riques internationales non align\u00e9es sur les crit\u00e8res du march\u00e9. 126 films issus de 46 pays, des performances, concerts et lectures, pendant les Rencontres Internationales (10 au 13 novembre)\u00a0; 19 installations vid\u00e9o expos\u00e9es \u00e0 la Friche, et encore 6 autres accueillies par des galeries et espaces sociaux de Marseille jusqu&rsquo;au 4 d\u00e9cembre. Le tout absolument gratuit car l&rsquo;art est hors de prix et l&rsquo;intelligence sensible n&rsquo;a pas de prix.<\/p>\n<p>En ces temps naus\u00e9abonds o\u00f9 le culte obscurantiste de la marchandise est concurrenc\u00e9 par celui d&rsquo;idoles recycl\u00e9s, il faut raison garder, certes, mais sans nous priver de sa s\u0153ur l&rsquo;inconscient sans quoi la po\u00e9sie serait aussi passionnante qu&rsquo;un annuaire t\u00e9l\u00e9phonique. Alors, osons cette douce folie d&rsquo;aller jusqu&rsquo;au bout. Jusqu&rsquo;au bout de la nuit. Une nuit de bout en bout du 12 au 13 novembre, du coucher au lever du soleil, avec nos complices de la Cause Freudienne, pour une Nuit blanche de la psychanalyse, des arts vid\u00e9o et de la performance. Plus de 70 lectures de Freud et Lacan par des personnalit\u00e9s marseillaises des arts, de la culture ou de la politique, conf\u00e9rence et tables rondes nocturnes, concert, projections et actions po\u00e9tiques sous les \u00e9toiles\u2026<\/p>\n<p style=\"text-align: left;\">Etat d&rsquo;Urgence Po\u00e9tique. Sans point d\u2019exclamation. Ceci n&rsquo;est pas une revendication. Cela doit-il \u00eatre\u00a0? Cela est\u2026<br \/>\nAmi(e)s, on n&rsquo;est jamais po\u00e8te assez.<br \/>\nMarc Mercier<\/p>\n<p>La 29\u00e8me \u00e9dition du festival aura lieu \u00e0 Marseille, \u00a0<em>Friche la Belle de Mai<\/em> du <strong>10 novembre au 4 d\u00e9cembre<\/strong> 2016.<\/p>\n<ul>\n<ul>\n<li><strong>rencontres internationales<\/strong> (projections, performances, rencontres)\u00a0: 10 au 13 novembre<\/li>\n<li><strong>ouverture jeudi 10<\/strong> novembre \u00e0 18h<\/li>\n<li>samedi 12 \u00e0 partir de 17h14 : <strong>Nuit de bout en bout<\/strong> des arts vid\u00e9o, de la performance et de la <strong>psychanalyse<\/strong> en partenariat avec l&rsquo;ECF (Ecole de la Cause freudienne) de Marseille<\/li>\n<li><strong>cl\u00f4ture dimanche 13 \u00e0 7h29<\/strong> autour d&rsquo;un petit d\u00e9jeuner artistique<\/li>\n<li>Une s\u00e9lection de <strong>126 \u0153uvres d&rsquo;art vid\u00e9o<\/strong> et num\u00e9riques issues de 46 pays<\/li>\n<li>8<strong> performances po\u00e9(li)tiques<\/strong><\/li>\n<li><strong>exposition<\/strong> de 25 installations internationales : 10 novembre au 4 d\u00e9cembre<\/li>\n<li>plus de <strong>50 artistes internationaux accueilli(e)s<\/strong><\/li>\n<li><strong>93 lectrices et lecteurs<\/strong> de textes Freud et Lacan<\/li>\n<\/ul>\n<\/ul>\n<p>&nbsp;<\/p>\n<p><img loading=\"lazy\" decoding=\"async\" class=\"alignnone size-full wp-image-2712\" src=\"https:\/\/www.instantsvideo.com\/blog\/wp-content\/uploads\/2016\/10\/Capture-d\u2019\u00e9cran-2016-10-10-\u00e0-11.02.46.jpg\" alt=\"capture-decran-2016-10-10-a-11-02-46\" width=\"613\" height=\"724\" srcset=\"https:\/\/www.instantsvideo.com\/blog\/wp-content\/uploads\/2016\/10\/Capture-d\u2019\u00e9cran-2016-10-10-\u00e0-11.02.46.jpg 613w, https:\/\/www.instantsvideo.com\/blog\/wp-content\/uploads\/2016\/10\/Capture-d\u2019\u00e9cran-2016-10-10-\u00e0-11.02.46-254x300.jpg 254w\" sizes=\"auto, (max-width: 613px) 100vw, 613px\" \/><\/p>\n","protected":false},"excerpt":{"rendered":"<p>Il y a quatre-vingt ans (1936), les fascistes espagnols assassinaient le po\u00e8te Federico Garcia Lorca, aujourd&rsquo;hui on assassine la po\u00e9sie\u00a0! [&hellip;]<\/p>\n","protected":false},"author":9,"featured_media":2551,"comment_status":"open","ping_status":"closed","sticky":false,"template":"","format":"standard","meta":{"footnotes":""},"categories":[16,1],"tags":[],"class_list":["post-2486","post","type-post","status-publish","format-standard","has-post-thumbnail","hentry","category-16","category-non-classe"],"_links":{"self":[{"href":"https:\/\/www.instantsvideo.com\/blog\/wp-json\/wp\/v2\/posts\/2486","targetHints":{"allow":["GET"]}}],"collection":[{"href":"https:\/\/www.instantsvideo.com\/blog\/wp-json\/wp\/v2\/posts"}],"about":[{"href":"https:\/\/www.instantsvideo.com\/blog\/wp-json\/wp\/v2\/types\/post"}],"author":[{"embeddable":true,"href":"https:\/\/www.instantsvideo.com\/blog\/wp-json\/wp\/v2\/users\/9"}],"replies":[{"embeddable":true,"href":"https:\/\/www.instantsvideo.com\/blog\/wp-json\/wp\/v2\/comments?post=2486"}],"version-history":[{"count":19,"href":"https:\/\/www.instantsvideo.com\/blog\/wp-json\/wp\/v2\/posts\/2486\/revisions"}],"predecessor-version":[{"id":2714,"href":"https:\/\/www.instantsvideo.com\/blog\/wp-json\/wp\/v2\/posts\/2486\/revisions\/2714"}],"wp:featuredmedia":[{"embeddable":true,"href":"https:\/\/www.instantsvideo.com\/blog\/wp-json\/wp\/v2\/media\/2551"}],"wp:attachment":[{"href":"https:\/\/www.instantsvideo.com\/blog\/wp-json\/wp\/v2\/media?parent=2486"}],"wp:term":[{"taxonomy":"category","embeddable":true,"href":"https:\/\/www.instantsvideo.com\/blog\/wp-json\/wp\/v2\/categories?post=2486"},{"taxonomy":"post_tag","embeddable":true,"href":"https:\/\/www.instantsvideo.com\/blog\/wp-json\/wp\/v2\/tags?post=2486"}],"curies":[{"name":"wp","href":"https:\/\/api.w.org\/{rel}","templated":true}]}}