{"id":2304,"date":"2016-09-28T09:55:15","date_gmt":"2016-09-28T08:55:15","guid":{"rendered":"https:\/\/www.instantsvideo.com\/blog\/fr\/?p=2304"},"modified":"2017-01-16T16:05:37","modified_gmt":"2017-01-16T15:05:37","slug":"nos-etapes-en-2016-en-cours","status":"publish","type":"post","link":"https:\/\/www.instantsvideo.com\/blog\/2016\/09\/nos-etapes-en-2016-en-cours\/","title":{"rendered":"Nos \u00e9tapes en 2016"},"content":{"rendered":"<p><strong>Mardi 13 d\u00e9cembre<\/strong> \u00e0 17h \u00e0 l&rsquo;<a href=\"https:\/\/equitablecafe.org\/programmation\/lart-en-periodes-de-crise-rencontre-avec-des-libyens\/\" target=\"_blank\">Equitable caf\u00e9<\/a>\u00a0(Marseille) :<br \/>\nRencontre avec 14 jeunes Libyennes et Libyens engag\u00e9(e)s dans la soci\u00e9t\u00e9 civile de leur pays, pr\u00e9sentEs \u00e0 Marseille dans le cadre d&rsquo;un stage port\u00e9 par le R\u00e9seau Euromed France, Les Instants Vid\u00e9o et FAIL 13 : \u00e9change interculturel, intervention sur le th\u00e8me L<strong><em>&lsquo;art en p\u00e9riodes de crise<\/em> <\/strong>et programmation de sept vid\u00e9o internationales.<\/p>\n<blockquote><p><em>Awakening<\/em> \/ Arzu Yay\u0131nta\u015f (Turquie)<br \/>\n<em>We teach life, Sir<\/em> \/ Rafeef Ziadah (Palestine\/GB)<br \/>\n<em>Polyphonie Po\u00e9tique Urbaine (Ramallah)<\/em> \/ Marc Mercier (France) et Kefah Fanni<br \/>\n(Palestine)<br \/>\n<em>Silk<\/em> \/ Reem Zaghmout &amp; Malak Elghuel (Belize\/Libye)<br \/>\n<em>The future<\/em> \/ Gouri Mounir (Alg\u00e9rie)<br \/>\n<em>Rocio M\u00e0rquez \u00e0 Santa Cruz del Sil<\/em> \/ Carlos Carcas (Espagne)<br \/>\n<em>Si Jamais Nous Devons Dispara\u00eetre Ce Sera Sans Inqui\u00e9tude Mais en Combattant Jusqu\u2019\u00e0 la Fin<\/em> \/ Jean-Gabriel P\u00e9riot (France)<\/p><\/blockquote>\n<figure id=\"attachment_2739\" aria-describedby=\"caption-attachment-2739\" style=\"width: 300px\" class=\"wp-caption aligncenter\"><img loading=\"lazy\" decoding=\"async\" class=\"wp-image-2739 size-medium\" src=\"https:\/\/www.instantsvideo.com\/blog\/wp-content\/uploads\/2016\/12\/22silk22-Malak-Elghuel-Reem-Zaghmout-1-300x169.jpg\" alt=\"%22silk%22-malak-elghuel-reem-zaghmout\" width=\"300\" height=\"169\" srcset=\"https:\/\/www.instantsvideo.com\/blog\/wp-content\/uploads\/2016\/12\/22silk22-Malak-Elghuel-Reem-Zaghmout-1-300x169.jpg 300w, https:\/\/www.instantsvideo.com\/blog\/wp-content\/uploads\/2016\/12\/22silk22-Malak-Elghuel-Reem-Zaghmout-1-768x432.jpg 768w, https:\/\/www.instantsvideo.com\/blog\/wp-content\/uploads\/2016\/12\/22silk22-Malak-Elghuel-Reem-Zaghmout-1-1024x576.jpg 1024w, https:\/\/www.instantsvideo.com\/blog\/wp-content\/uploads\/2016\/12\/22silk22-Malak-Elghuel-Reem-Zaghmout-1.jpg 1280w\" sizes=\"auto, (max-width: 300px) 100vw, 300px\" \/><figcaption id=\"caption-attachment-2739\" class=\"wp-caption-text\"><em>Silk<\/em>\/Reem Zaghmout &amp; Malak Elghuel (Belize\/Libye)<\/figcaption><\/figure>\n<p><strong>6 au 15 d\u00e9cembre\u00a0<\/strong>: les Instants Vid\u00e9o, la <strong>Ligue de l\u2019Enseignement\u00a0<a href=\"http:\/\/www.fail13.org\" target=\"_blank\">FAIL 13<\/a>\u00a0\u00a0<\/strong> &amp; le\u00a0<a href=\"http:\/\/www.euromed-france.org\/\" target=\"_blank\">R\u00e9seau Euromed France<\/a>\u00a0 ont uni leurs forces pour accueillir \u00e0 Marseille 14 jeunes libyennes et libyens engag\u00e9s dans la soci\u00e9t\u00e9 civile de leur \u00a0pays pour r\u00e9fl\u00e9chir avec nous sur la d\u00e9mocratie, la citoyennet\u00e9 et le r\u00f4le que peuvent jouer l\u2019art et la culture. Certaines des r\u00e9unions seront publiques, dont celle que nous organisons avec l\u2019<strong><a href=\"http:\/\/iremmo.org\/rencontres\/hors-les-murs\/nouveaux-engagements-citoyens-mediterranee-2011-revoltes-arabes-aux-indignes\/\" target=\"_blank\">IReMMO<\/a><\/strong>, le <strong>vendredi 9 d\u00e9cembre<\/strong> \u00e0 la Friche la Belle de Mai (14h \u00e0 19h) . Des tables rondes qui \u00e0 chaque\u00a0fois seront introduites par une s\u00e9lection d\u2019\u0153uvres.<\/p>\n<blockquote><p>14h15 &#8211; Table ronde 1 : \u00ab Circuler, franchir, relier : la r\u00e9sistance socio-culturelle comme engagement citoyen \u00bb. T\u00e9moignage \u00e0 trois voix : Palestine, France, Egypte.<br \/>\nVid\u00e9os : <em>Awakening<\/em>\u00a0\/ Arzu Yay\u0131nta\u015f (Turquie)<br \/>\nYellow tea cup : Refugees at sea de Cheryl Pagurek (Canada)<br \/>\n15h30 &#8211; Table ronde 2 : \u00ab La citoyennet\u00e9 en temps de conflit \u00bb. T\u00e9moignage \u00e0 deux voix : Syrie, Libye.<br \/>\nVid\u00e9o : <em>Home<\/em> \/\u00a0Silvia De Gennaro (Italie)<br \/>\n17h &#8211; Table ronde 3 : \u00ab Nouveaux engagements partisans \u00bb. T\u00e9moignage \u00e0 trois voix : Gr\u00e8ce, Turquie, Espagne.<br \/>\nVid\u00e9o : <em>Fluctuat Nec Mergitur<\/em> \/ Esmeralda Da Costa (France)<\/p><\/blockquote>\n<p>Les plus beaux jours \u00e0 vivre seront, pour s\u00fbr, \u00e0 venir si nous prenons ensemble notre destin\u00e9e en mains. Po\u00e9tiquement.<\/p>\n<p><strong>20 au 24 juillet<\/strong> \u00a0: Nous sommes invit\u00e9s \u00e0 Cagliari (Sardaigne) par\u00a0Carovana SMI <a href=\"http:\/\/www.carovana.org\/progetto-migrarti\/\" target=\"_blank\">Carovana<\/a><br \/>\nDans le cadre d&rsquo;un projet transdisciplinaire\u00a0impliquant des artistes internationaux qui ont tous travaill\u00e9 avec des migrants originaires d&rsquo;Europe, d&rsquo;Asie et d&rsquo;Afrique, pr\u00e9sentation de 3\u00a0programmations\u00a0:<\/p>\n<blockquote><p>1) Une s\u00e9rie de <strong><em>Cartes postales vid\u00e9o<\/em><\/strong> r\u00e9alis\u00e9es \u00e0 Cagliari par Marc Mercier et Matteo Fadda, avec des migrants du Maroc, Phillipine, Turquie, Gr\u00e8ce, Cameroun, Gambie, Ghana, Costa Rica, Ukraine\u2026<br \/>\n2) Une programmation <em><strong>R\u00e9sistances artistiques en Palestine<\/strong> <\/em>en collaboration avec l&rsquo;Association Palestine \u00e0 Cagliari\u00a0: Hasan Tanji, Taysir Batniji, Sharif Waked, Lucia Ahmad, Rawan Obaid (Palestine), Rania Stephan (Liban), Marc Mercier &amp; Kefah Fanni (France\/Palestine) (23 juillet)<br \/>\n3) Une programmation <em><strong>Migration des corps et des images<\/strong><\/em>\u00a0: Cl\u00e9mence b.t.d. Barret (France\/Tha\u00eflande), Cheryl Pagurek (Canada), Beate Hecher &amp; Markus Keim (Autriche), Gouri Mounir (Alg\u00e9rie), Nsana Banimba Jussie (Congo), Abdoul-Ganiou Dermani (Togo\/Allemagne), Pablo Caviedes (Equateur\/USA), Silvia De Gennaro (Italie), Arzu Yay\u0131nta\u015f (Turquie), Mariangela Ciccarello &amp; Philip Cartelli (Italie\/USA)<\/p><\/blockquote>\n<figure id=\"attachment_2509\" aria-describedby=\"caption-attachment-2509\" style=\"width: 300px\" class=\"wp-caption aligncenter\"><img loading=\"lazy\" decoding=\"async\" class=\"size-medium wp-image-2509\" src=\"https:\/\/www.instantsvideo.com\/blog\/wp-content\/uploads\/2016\/07\/Arzu-Yay\u0131nta\u015f-Uyan\u0131\u015f_Awakening-image_1-300x153.jpg\" alt=\"Awakening \/ Arzu Yay\u0131nta\u015f (Turquie)\" width=\"300\" height=\"153\" srcset=\"https:\/\/www.instantsvideo.com\/blog\/wp-content\/uploads\/2016\/07\/Arzu-Yay\u0131nta\u015f-Uyan\u0131\u015f_Awakening-image_1-300x153.jpg 300w, https:\/\/www.instantsvideo.com\/blog\/wp-content\/uploads\/2016\/07\/Arzu-Yay\u0131nta\u015f-Uyan\u0131\u015f_Awakening-image_1-768x393.jpg 768w, https:\/\/www.instantsvideo.com\/blog\/wp-content\/uploads\/2016\/07\/Arzu-Yay\u0131nta\u015f-Uyan\u0131\u015f_Awakening-image_1-1024x524.jpg 1024w, https:\/\/www.instantsvideo.com\/blog\/wp-content\/uploads\/2016\/07\/Arzu-Yay\u0131nta\u015f-Uyan\u0131\u015f_Awakening-image_1.jpg 1772w\" sizes=\"auto, (max-width: 300px) 100vw, 300px\" \/><figcaption id=\"caption-attachment-2509\" class=\"wp-caption-text\">Awakening \/ Arzu Yay\u0131nta\u015f (Turquie)<\/figcaption><\/figure>\n<p>&nbsp;<\/p>\n<p><strong>17 au 22 Mai\u00a0<\/strong>: mission en Palestine pour rencontrer l&rsquo;ensemble de nos partenaires locaux et Fran\u00e7ais afin de pr\u00e9parer la tenue de la <em><strong>5e Biennale d&rsquo;art vid\u00e9o et performance \/si:n\/<\/strong><\/em> qui se tiendra en 2017 dans plusieurs villes de Palestine (J\u00e9rusalem, Gaza, Ramallah, Bethl\u00e9em&#8230;).<\/p>\n<p><strong>18 au 22 Mai\u00a0<\/strong>: <strong><em>10th Audiovisual Arts Festival<\/em><\/strong> de Corfu (Gr\u00e8ce).<br \/>\nNous sommes invit\u00e9s par la Ionian University, en tant que membre du Comit\u00e9 Scientifique et Artistique (f\u00e9vrier \u00e0 avril) afin de donner notre avis sur les propositions de conf\u00e9rences que re\u00e7oivent les organisateurs pour le s\u00e9minaire autour du th\u00e8me \u00ab\u00a0Tabou &#8211; Transgression &#8211; Transcendance\u00a0\u00bb qui sera pr\u00e9sent\u00e9 pendant le festival.<br \/>\nNous sommes aussi invit\u00e9s \u00e0 proposer une s\u00e9lection d&rsquo;\u0153uvres issues de notre festival (en cours).<br \/>\n<a href=\"http:\/\/avarts.ionio.gr\/festival\/2016\/en\/\" target=\"_blank\">Ionian University<\/a><\/p>\n<p><strong>26 au 29 avril<\/strong>\u00a0: Les Instants Vid\u00e9o participent au <strong><em>15e Festival International du Cin\u00e9ma et Education<\/em><\/strong> de F\u00e8s (Maroc). Programmation, table ronde et animation d&rsquo;ateliers de cr\u00e9ation vid\u00e9o.<br \/>\n<a href=\"http:\/\/www.festivalcineducfes.com\" target=\"_blank\">\u0645\u0647\u0631\u062c\u0627\u0646 \u0641\u0627\u0633 \u0627\u0644\u062f\u0648\u0644\u064a \u0644\u0644\u0633\u064a\u0646\u0645\u0627 \u0648 \u0627\u0644\u062a\u0631\u0628\u064a\u0629<\/a><\/p>\n<p><img loading=\"lazy\" decoding=\"async\" class=\"alignnone size-full wp-image-2370\" src=\"https:\/\/www.instantsvideo.com\/blog\/wp-content\/uploads\/2016\/02\/logo-ficef.png\" alt=\"logo-ficef\" width=\"200\" height=\"235\" \/><\/p>\n<p><strong>19 au 23 avril\u00a0<\/strong>: <strong><em>22e Festival d&rsquo;art vid\u00e9o (FIAV) de Casablanca<\/em><\/strong> (Maroc) organis\u00e9 par l&rsquo;Universit\u00e9 des Lettres de Ben M&rsquo;Sik (conf\u00e9rence, programmation d&rsquo;\u0153uvres d&rsquo;art vid\u00e9o et performances\u2026)\u00a0<a href=\"http:\/\/www.fiav.ma\/\" target=\"_blank\">FIAV<\/a><br \/>\nO\u00f9 nous proposerons :<\/p>\n<blockquote><p>&#8211; le <strong>20 avril \u00e0 18h<\/strong> \u00e0 Institut Fran\u00e7ais : nous invitons la commissaire d&rsquo;exposition Abir Boukhari (All Art Now \/ Damas) \u00e0 pr\u00e9senter une programmation syrienne \u00ab\u00a0City in Transformation\u00a0\u00bb <a href=\"http:\/\/www.allartnow.com\" target=\"_blank\">AllArtNow<\/a><br \/>\n&#8211; \u00a0\u00e0 <strong>19h<\/strong> : une r\u00e9trospective de vid\u00e9o de Jean-Gabriel P\u00e9riot<br \/>\n&#8211; le<strong>\u00a0 21 avril \u00e0 10h<\/strong>, Facult\u00e9 des Lettres et des Sciences Humaines Ben M\u2019Sik : Table ronde\u00a0\u00ab Art et Artiste au miroir de la soci\u00e9t\u00e9 post-capitaliste : Marchandi- sation de l\u2019esth\u00e9tique et esth\u00e9tisation de la marchandise \u00bb Intervenants : Majid D\u2019Khissy \u00a0(Maroc), Marc Mercier (France), Mohamed Rachdi (Maroc), Mod\u00e9rateur : Majid Seddati<br \/>\n&#8211; le <strong>\u00a022 avril \u00e0 15h<\/strong>, Facult\u00e9 des Lettres et des Sciences Humaines Ben M\u2019Sik : programmation internationale avec les \u0153uvres de Laurie Joly &amp; Parya Vatankhah (France\/Iran), Judith Lesur &amp; Zahra Hassanabadi (France\/Iran), Fran\u00e7ois Lejault (France), Fazila Amiri &amp; Hangama Amiri (Afghanistan\/Canada), Ramia Beladel (Maroc), Fedhila Moufida (Tunisie), Dominique Comtat (France), Augenblick (Italie), Hasan Tanji (Palestine), Jean-Michel Rolland (France), Nouhad Hannaddaher (Liban), Khadija Elabyad (Maroc), Lura y Sira Cabrera (Espagne), Silvia De Gennaro (Italie), Kate Walker (Nouvelle Z\u00e9lande\/USA)<br \/>\n&#8211; le<strong>\u00a023 avril \u00e0 19h<\/strong>,\u00a0<em>Studio des Arts vivants<\/em> : Hommage \u00e0 Leila Alaoui avec l&rsquo;exposition de <em>Crossings<\/em><\/p><\/blockquote>\n<p><img loading=\"lazy\" decoding=\"async\" class=\"alignnone size-full wp-image-2373\" src=\"https:\/\/www.instantsvideo.com\/blog\/wp-content\/uploads\/2016\/02\/Capture-d\u2019\u00e9cran-2016-03-29-\u00e0-11.09.39.jpg\" alt=\"Capture d\u2019\u00e9cran 2016-03-29 \u00e0 11.09.39\" width=\"989\" height=\"268\" srcset=\"https:\/\/www.instantsvideo.com\/blog\/wp-content\/uploads\/2016\/02\/Capture-d\u2019\u00e9cran-2016-03-29-\u00e0-11.09.39.jpg 989w, https:\/\/www.instantsvideo.com\/blog\/wp-content\/uploads\/2016\/02\/Capture-d\u2019\u00e9cran-2016-03-29-\u00e0-11.09.39-300x81.jpg 300w, https:\/\/www.instantsvideo.com\/blog\/wp-content\/uploads\/2016\/02\/Capture-d\u2019\u00e9cran-2016-03-29-\u00e0-11.09.39-768x208.jpg 768w\" sizes=\"auto, (max-width: 989px) 100vw, 989px\" \/><\/p>\n<p>&nbsp;<\/p>\n<p><strong>25 avril<\/strong> \u00e0 Paris\u00a0: Dans le cadre du stage pour jeunes activistes de la soci\u00e9t\u00e9 civile syrienne <em>Participation d\u00e9mocratique et citoyennet\u00e9 active<\/em> organis\u00e9 par la<strong> Fondation Ren\u00e9 Seydoux<\/strong>, notre intervention portera sur les pratiques artistiques et culturelles comme actions favorisant l&rsquo;exercice de la citoyennet\u00e9.<br \/>\n<a href=\"http:\/\/www.fondation-seydoux.org\/accueil.html\" target=\"_blank\">Fondation Seydoux<\/a><\/p>\n<p><strong>Vendredi 22 avril<\/strong> \u00e0 20h, au Videodrome 2 \u00a0: Projection de <em>Corrida urbaine<\/em> de Marc Mercier (une production des Instants Vid\u00e9o r\u00e9alis\u00e9e en Palestine) dans le prolongement de l\u2019exposition Villissima ! qui fut pr\u00e9sent\u00e9e \u00e0 Toulon (commissariat : Guillaume Monsaingeon).<br \/>\nProgramme complet de la soir\u00e9e, sur le site de \u00a0<a href=\"http:\/\/imagedeville.org\/cpt_actualites\/image-de-ville-au-videodrome-2-a-marseille-un-rendez-vous-mensuel-a-partir-du-vendredi-18-septembre-2015\/?event=0\" target=\"_blank\">Image de Ville<\/a><\/p>\n<p><strong>6 au 9 avril<\/strong>\u00a0: Mission inter-associative en Tunisie ayant pour objectifs d\u2019effectuer avec les partenaires du projet de soutien \u00e0 la soci\u00e9t\u00e9 civile libyenne, port\u00e9 par le <strong>REF<\/strong> (R\u00e9seau Euromed France) et ses membres, un point d\u2019\u00e9tape et de travailler en commun sur le programme du stage \u00e0 venir (pr\u00e9vu \u00e0 Marseille \u00e0 l\u2019automne 2016).<br \/>\n<a href=\"http:\/\/www.euromed-france.org\/spip.php?article1067\" target=\"_blank\">R\u00e9seau Euromed France (REF)<\/a><\/p>\n<p>&nbsp;<\/p>\n","protected":false},"excerpt":{"rendered":"<p>Mardi 13 d\u00e9cembre \u00e0 17h \u00e0 l&rsquo;Equitable caf\u00e9\u00a0(Marseille) : Rencontre avec 14 jeunes Libyennes et Libyens engag\u00e9(e)s dans la soci\u00e9t\u00e9 [&hellip;]<\/p>\n","protected":false},"author":9,"featured_media":2355,"comment_status":"open","ping_status":"closed","sticky":false,"template":"","format":"standard","meta":{"footnotes":""},"categories":[16,1],"tags":[],"class_list":["post-2304","post","type-post","status-publish","format-standard","has-post-thumbnail","hentry","category-16","category-non-classe"],"_links":{"self":[{"href":"https:\/\/www.instantsvideo.com\/blog\/wp-json\/wp\/v2\/posts\/2304","targetHints":{"allow":["GET"]}}],"collection":[{"href":"https:\/\/www.instantsvideo.com\/blog\/wp-json\/wp\/v2\/posts"}],"about":[{"href":"https:\/\/www.instantsvideo.com\/blog\/wp-json\/wp\/v2\/types\/post"}],"author":[{"embeddable":true,"href":"https:\/\/www.instantsvideo.com\/blog\/wp-json\/wp\/v2\/users\/9"}],"replies":[{"embeddable":true,"href":"https:\/\/www.instantsvideo.com\/blog\/wp-json\/wp\/v2\/comments?post=2304"}],"version-history":[{"count":29,"href":"https:\/\/www.instantsvideo.com\/blog\/wp-json\/wp\/v2\/posts\/2304\/revisions"}],"predecessor-version":[{"id":2760,"href":"https:\/\/www.instantsvideo.com\/blog\/wp-json\/wp\/v2\/posts\/2304\/revisions\/2760"}],"wp:featuredmedia":[{"embeddable":true,"href":"https:\/\/www.instantsvideo.com\/blog\/wp-json\/wp\/v2\/media\/2355"}],"wp:attachment":[{"href":"https:\/\/www.instantsvideo.com\/blog\/wp-json\/wp\/v2\/media?parent=2304"}],"wp:term":[{"taxonomy":"category","embeddable":true,"href":"https:\/\/www.instantsvideo.com\/blog\/wp-json\/wp\/v2\/categories?post=2304"},{"taxonomy":"post_tag","embeddable":true,"href":"https:\/\/www.instantsvideo.com\/blog\/wp-json\/wp\/v2\/tags?post=2304"}],"curies":[{"name":"wp","href":"https:\/\/api.w.org\/{rel}","templated":true}]}}