{"id":170,"date":"2013-10-14T21:42:56","date_gmt":"2013-10-14T20:42:56","guid":{"rendered":"https:\/\/www.instantsvideo.com\/blog\/fr\/?p=170"},"modified":"2023-03-10T15:02:05","modified_gmt":"2023-03-10T14:02:05","slug":"indefinition-des-instants-video-numeriques-et-poetiques","status":"publish","type":"post","link":"https:\/\/www.instantsvideo.com\/blog\/2013\/10\/indefinition-des-instants-video-numeriques-et-poetiques\/","title":{"rendered":"(In)d\u00e9finition"},"content":{"rendered":"\n<div style=\"height:62px\" aria-hidden=\"true\" class=\"wp-block-spacer\"><\/div>\n\n\n<p><em>Les Instants Vid\u00e9o<\/em> se d\u00e9finissent comme un festival d\u00e9di\u00e9 \u00e0 la po\u00e9sie \u00e9lectronique. Il ne s\u2019agit pas d\u2019un nouveau genre qui viendrait se rajouter \u00e0 l\u2019art vid\u00e9o et multim\u00e9dia. Nous d\u00e9signons par ce terme toutes d\u00e9marches innovantes en mati\u00e8re d\u2019\u00e9criture audiovisuelle et multim\u00e9dia, ce que Deleuze notait au sujet de la po\u00e9sie : une langue presqu\u2019\u00e9trang\u00e8re. C\u2019est en cela que nous d\u00e9finissons le multi-m\u00e9dia comme un art impur, hybride, favorable \u00e0 toutes sortes de croisements, d\u2019alt\u00e9rations.<br \/>Nous nous s\u2019int\u00e9ressons aux nouvelles formes d\u2019\u00e9critures et aux \u0153uvres sensibles : art vid\u00e9o, installations multim\u00e9dias, performances, documentaires de cr\u00e9ations\u2026. Nous organisons chaque ann\u00e9e en novembre, depuis 1988, un festival international.<br \/>Nous accueillons l\u2019art audiovisuel et multim\u00e9dia sous toutes ses formes, un vaste domaine en continuelle \u00e9volution, en proie \u00e0 des variations th\u00e9matiques, formelles et technologiques. Nos programmations refl\u00e8tent cette mobilit\u00e9, d\u00e9passent les limites traditionnelles entre les disciplines et les m\u00e9dias et s\u2019int\u00e9ressent aux espaces interm\u00e9diaires : le cin\u00e9ma, la t\u00e9l\u00e9vision, les arts m\u00e9dias et les arts plastiques. Le film, la vid\u00e9o, l\u2019audio, l\u2019installation et la performance se c\u00f4toient et se m\u00ealent au travers d\u2019une grande vari\u00e9t\u00e9 d\u2019\u0153uvres fran\u00e7aises et internationales.<br \/>Nous n\u2019organisons pas de comp\u00e9tition. Nous nous voulons un espace de rencontres, de d\u00e9couvertes, de confrontations, d\u2019exp\u00e9rimentations, de productions de pens\u00e9e et d\u2019amiti\u00e9.<br \/>Nous aimons les \u0153uvres que nous montrons et les artistes que nous accueillons. Nous avons d\u00e9couvert, encourag\u00e9, promu de jeunes artistes.<br \/>Nous ne dictons pas de th\u00e9matique, mais donnons cependant, chaque ann\u00e9e, un titre \u00e0 la manifestation comme on le fait pour un recueil de po\u00e8me :<em> Br\u00fble ta propre patience ; R\u00e9sistance mon beau souci ; L\u2019image \u00e0 bras le corps ; Sous le signe du Quetzal<\/em>. Chaque artiste peut ou pas en tenir compte.<br \/>Nous nous s\u2019int\u00e9ressons aux publics que nous consid\u00e9rons comme des spectac&rsquo;teur.rice.s de leurs destin\u00e9es, des assembl\u00e9es souveraines : le regard cr\u00e9\u00e9 l\u2019\u0153uvre. Aussi, depuis notre cr\u00e9ation en 1988, nous d\u00e9veloppons des strat\u00e9gies afin de permettre \u00e0 des publics diversifi\u00e9s d\u2019avoir acc\u00e8s aux \u0153uvres d\u2019art vid\u00e9o et multim\u00e9dia, en tenant compte du d\u00e9veloppement rapide des technologies de production et de diffusion. \u00c0 l\u2019origine de notre manifestation, la cr\u00e9ation vid\u00e9o et multim\u00e9dia ne b\u00e9n\u00e9ficiait encore que d\u2019une reconnaissance discr\u00e8te des institutions, et d\u2019une attention r\u00e9duite de la part du public. C\u2019est pourquoi, outre la d\u00e9cision d\u2019organiser annuellement une manifestation internationale en r\u00e9gion PACA, nous avons parall\u00e8lement men\u00e9 des actions de sensibilisation : ateliers de cr\u00e9ation en milieu scolaire et associatif, diffusion r\u00e9guli\u00e8re d\u2019\u0153uvres vid\u00e9o en R\u00e9gion, d\u00e9veloppement de partenariats avec des \u00e9coles d\u2019art, des mus\u00e9es d\u2019art contemporain, des associations.<br \/>Les Instants Vid\u00e9o sont nomades. Nous parcourons le monde en qu\u00eate de rencontres qui nous transforment et nous avons consid\u00e9rablement d\u00e9velopp\u00e9 notre r\u00e9seau r\u00e9gional, national et international (diffusion, conf\u00e9rence, workshop\u2026).<br \/>Nous nous \u00a0int\u00e9ressons \u00e0 l\u2019Histoire de l\u2019art \u00e0 condition qu\u2019elle donne \u00e0 penser le pr\u00e9sent et le futur, \u00e0 condition qu\u2019elle stimule la cr\u00e9ation contemporaine. Nous aimons les m\u00e9moires vagabondes.<br \/>Manifestation en mouvement, nous inventons notre parcours chemin faisant en fonction des d\u00e9sirs, des rencontres, des mutations technologiques. Nous sommes \u00e0 la fois d\u00e9termin\u00e9.e.s dans nos engagements en faveur des nouvelles \u00e9critures multim\u00e9dias, et ouvert.e.s aux influences qui nous transforment.<\/p>\n<p><strong>Diffusion ou comment se faire passeur d&rsquo;images<\/strong><br \/>La fonction \u00ab diffusion \u00bb, g\u00e9n\u00e9ralement attribu\u00e9e aux festivals, est obsol\u00e8te s\u2019il n\u2019est pas pris en compte simultan\u00e9ment les autres maillons de la cha\u00eene : artiste-machines-production-\u0153uvre-distribution-diffusion-publics\u2026. Faute de quoi, les manifestations \u00ab festivali\u00e8res \u00bb sont contraintes \u00e0 r\u00e9duire leurs activit\u00e9s et \u00e0 \u00eatre seulement une vitrine de la cr\u00e9ation (comme cela existe pour la mode), un march\u00e9 ou un parc de loisirs culturels. Nous pensons que notre mission est :<br \/>&#8211; donner acc\u00e8s \u00e0 des \u0153uvres historiques de l\u2019art vid\u00e9o, \u00e0 des \u0153uvres m\u00e9connues (Am\u00e9rique du sud, Balkans, Moyen-Orient, Asie, Afrique\u2026) et les accompagner d\u2019une r\u00e9flexion critique. Cette d\u00e9marche peut \u00eatre men\u00e9e face \u00e0 un public ou \u00e0 distance gr\u00e2ce aux moyens de communication disponibles.<br \/>&#8211; accompagner les artistes depuis l\u2019\u00e9mergence de leur d\u00e9sir de cr\u00e9er une \u0153uvre ; \u00a0soutenir si possible la recherche de moyens financiers pour produire ; g\u00e9n\u00e9rer une r\u00e9flexion critique sur le projet de l\u2019artiste puis sur l\u2019objet cr\u00e9\u00e9 ; convaincre des distributeur.rice.s \u00e0 inscrire les \u0153uvres dans leur catalogue ou \u00eatre nous-m\u00eames des interm\u00e9diaires entre les artistes et les diffuseur.se.s potentiel.le.s.<br \/>&#8211; r\u00e9unir les conditions optimales pour projeter ou exposer les \u0153uvres en France et \u00e0 l\u2019\u00e9tranger.<br \/>&#8211; rendre possible une disponibilit\u00e9 du regard et de l\u2019\u00e9coute des publics (nous insistons ici sur le pluriel du mot \u00ab public \u00bb, car il s\u2019agit bien pour nous de permettre \u00e0 des publics g\u00e9n\u00e9ralement exclus de la sph\u00e8re artistique de d\u00e9couvrir ce champ de l\u2019imagination contemporaine).<br \/>Le refus de sp\u00e9cialiser notre manifestation dans une fonction de vitrine des arts \u00e9lectroniques et num\u00e9riques sous-entend que les Instants Vid\u00e9o sont une manifestation \u00ab engag\u00e9e \u00bb. Un engagement qui vise, faut-il le pr\u00e9ciser, autre chose que vassaliser les artistes et les \u0153uvres \u00e0 une quelconque mode esth\u00e9tique ou technologique. Nous pensons au contraire que nous avons un devoir d\u2019\u00e9coute du sensible et des exp\u00e9rimentations fragiles. L\u2019engagement signifie aussi que notre collectif n\u2019est pas seulement une instance gestionnaire de budgets, une machine \u00e0 s\u00e9lectionner des \u0153uvres pr\u00e9sentables, mais aussi une force productive : production de textes critiques, exp\u00e9rimentations diverses, animation d\u2019ateliers de cr\u00e9ation\u2026. Ce d\u00e9cloisonnement de nos activit\u00e9s est une des conditions essentielles pour appr\u00e9hender la r\u00e9alit\u00e9 de la vie artistique d\u2019aujourd\u2019hui.<\/p>","protected":false},"excerpt":{"rendered":"<p>Les Instants Vid\u00e9o se d\u00e9finissent comme un festival d\u00e9di\u00e9 \u00e0 la po\u00e9sie \u00e9lectronique. Il ne s\u2019agit pas d\u2019un nouveau genre [&hellip;]<\/p>\n","protected":false},"author":9,"featured_media":786,"comment_status":"open","ping_status":"closed","sticky":false,"template":"","format":"standard","meta":{"footnotes":""},"categories":[3,1],"tags":[],"class_list":["post-170","post","type-post","status-publish","format-standard","has-post-thumbnail","hentry","category-apropos","category-non-classe"],"_links":{"self":[{"href":"https:\/\/www.instantsvideo.com\/blog\/wp-json\/wp\/v2\/posts\/170","targetHints":{"allow":["GET"]}}],"collection":[{"href":"https:\/\/www.instantsvideo.com\/blog\/wp-json\/wp\/v2\/posts"}],"about":[{"href":"https:\/\/www.instantsvideo.com\/blog\/wp-json\/wp\/v2\/types\/post"}],"author":[{"embeddable":true,"href":"https:\/\/www.instantsvideo.com\/blog\/wp-json\/wp\/v2\/users\/9"}],"replies":[{"embeddable":true,"href":"https:\/\/www.instantsvideo.com\/blog\/wp-json\/wp\/v2\/comments?post=170"}],"version-history":[{"count":14,"href":"https:\/\/www.instantsvideo.com\/blog\/wp-json\/wp\/v2\/posts\/170\/revisions"}],"predecessor-version":[{"id":9475,"href":"https:\/\/www.instantsvideo.com\/blog\/wp-json\/wp\/v2\/posts\/170\/revisions\/9475"}],"wp:featuredmedia":[{"embeddable":true,"href":"https:\/\/www.instantsvideo.com\/blog\/wp-json\/wp\/v2\/media\/786"}],"wp:attachment":[{"href":"https:\/\/www.instantsvideo.com\/blog\/wp-json\/wp\/v2\/media?parent=170"}],"wp:term":[{"taxonomy":"category","embeddable":true,"href":"https:\/\/www.instantsvideo.com\/blog\/wp-json\/wp\/v2\/categories?post=170"},{"taxonomy":"post_tag","embeddable":true,"href":"https:\/\/www.instantsvideo.com\/blog\/wp-json\/wp\/v2\/tags?post=170"}],"curies":[{"name":"wp","href":"https:\/\/api.w.org\/{rel}","templated":true}]}}