{"id":164,"date":"2018-03-09T12:38:46","date_gmt":"2018-03-09T11:38:46","guid":{"rendered":"https:\/\/www.instantsvideo.com\/blog\/fr\/?p=164"},"modified":"2025-07-21T13:36:04","modified_gmt":"2025-07-21T12:36:04","slug":"qui-sommes-nous","status":"publish","type":"post","link":"https:\/\/www.instantsvideo.com\/blog\/2018\/03\/qui-sommes-nous\/","title":{"rendered":"Qui sommes-nous ?"},"content":{"rendered":"\n<p><em>Les Instants Vid\u00e9o Num\u00e9riques et po\u00e9tiques<\/em>&nbsp;est une association loi 1901 bas\u00e9e \u00e0 Marseille et qui oeuvre dans le champ des arts vid\u00e9o \u00e0 la fois sur un plan local et international. Notre projet se d\u00e9cline en <strong>Pens\u00e9es &amp; Pratiques des images<\/strong> &nbsp;<span lang=\"fr-FR\">sur 2 axes qui s\u2019entrem\u00ealent, dialoguent, s\u2019enrichissent et dont les liens sont indissociables et indissolubles&nbsp;: un&nbsp;axe artistique&nbsp;et un axe autour des&nbsp;droits culturels et po\u00e9tiques.<\/span><\/p>\n\n\n\n<p><strong>Sur le plan artistique<\/strong>, notre mission est de&nbsp;t\u00e9moigner des \u00e9volutions des arts vid\u00e9o et num\u00e9riques, de les diffuser et les promouvoir, d\u2019accompagner la cr\u00e9ation \u00e9mergente et les vid\u00e9ographies peu diffus\u00e9es, et soutenir le parcours des artistes, du local \u00e0 l\u2019international.<\/p>\n\n\n\n<p>Nos actions se d\u00e9ploient dans 4 directions :<br>&#8211; Programmation<span style=\"font-family: Helvetica Neue;\">&nbsp;artistique <\/span>(expositions et programmations) du local \u00e0 l\u2019international<br>&#8211; Ambassadeur.rice et passeur.seuse d\u2019oeuvres (dont le Festival international <em>Les Instants Vid\u00e9o<\/em>)<br>&#8211; Partageur.se d\u2019expertises : compagnonnage d\u2019artistes, co-cr\u00e9ation &amp; accompagnement de festivals, r\u00e9seautage et mise en liens, jury de festival, de dipl\u00f4mes&#8230;, conf\u00e9rences, lectures&#8230;<br>&#8211; Echangeur.se de savoirs : publications, ateliers, s\u00e9minaires&#8230;<\/p>\n\n\n\n<p>Sur l\u2019axe des <strong>Droits Culturels et po\u00e9tiques<\/strong>, il s\u2019agit \u00e0 la fois de sortir les arts vid\u00e9o et num\u00e9riques de l&rsquo;entre-soi et les ouvrir \u00e0 une plus grande diversit\u00e9 de personnes,&nbsp;<span lang=\"fr-FR\">de <\/span><span lang=\"fr-FR\">d\u00e9cloisonner l<\/span><span lang=\"fr-FR\">e <\/span><span lang=\"fr-FR\">champ culturel <\/span>et d&rsquo;intensifier les possibilit\u00e9s de rencontres entre une pluralit\u00e9 de personnes, dans toutes leurs diversit\u00e9s&nbsp;<span lang=\"fr-FR\">(<\/span><span lang=\"fr-FR\">du <\/span><span lang=\"fr-FR\">champ<\/span><span lang=\"fr-FR\"> des arts, de l\u2019\u00e9ducation, du social, etc.. <\/span><span lang=\"fr-FR\">).<\/span><span style=\"color: #000000;\">Mais il s\u2019agit aussi de mieux<\/span> comprendre les enjeux politiques, \u00e9conomiques, culturels de l&rsquo;espace Euro-m\u00e9diterran\u00e9en et de prendre le recul n\u00e9cessaire \u00e0 notre pratique d&rsquo;acteur du monde des arts et de la culture.<\/p>\n\n\n\n<p>Nous nous sommes donn\u00e9s 2 orientations&nbsp;:<br>&#8211; Education \u00e0 l\u2019image &amp; participation&nbsp;: actions de sensibilisation, visites dialogu\u00e9es, galeries populaires, ateliers (<em>Les Programm\u2019acteur.rice.s<\/em>, <em>Images et conversations<\/em>&#8230;)<br>&#8211; Art, citoyennet\u00e9 &amp; soci\u00e9t\u00e9s civiles&nbsp;: engagements collectifs avec le <a href=\"http:\/\/www.euromed-france.org\">REF<\/a> (R\u00e9seau Euromed France), <a href=\"https:\/\/www.laligue13.fr\">la Ligue de l\u2019Enseignement 13<\/a> (Education Populaire),<a href=\"http:\/\/www.territoires-solidaires.com\"> Territoires Solidaires<\/a>, &nbsp;co-organisation de stages (jeunes du Sud M\u00e9diterran\u00e9e..), rencontres publiques, forums, tables rondes.<\/p>\n\n\n\n<div style=\"height:60px\" aria-hidden=\"true\" class=\"wp-block-spacer\"><\/div>\n\n\n\n<h3 class=\"wp-block-heading\"><strong>Les membres de l&rsquo;association<\/strong><\/h3>\n\n\n\n<p>Les activit\u00e9s de l\u2019association sont rendues possibles gr\u00e2ce \u00e0 l&rsquo;investissement des membres b\u00e9n\u00e9voles, dont les<strong> comp\u00e9tences et sensibilit\u00e9s<\/strong> sont multiples : monde de l\u2019\u00e9ducation, des arts, de la culture, du social, de la sant\u00e9, de l\u2019\u00e9ducation populaire&#8230;et qui accompagnent les salari\u00e9.e.s dans la vie quotidienne de la structure aussi bien que dans le projet artistique.<\/p>\n\n\n\n<p><\/p>\n\n\n\n<p>Sabrina Belfarh (Projectionniste, animatrice Education Populaire)<br>Jako Blanc (Musicien, chanteur, comedien)\u00a0<br>Jad Challita (Web d\u00e9veloppeur)<br>Nad\u00e8ge Cormier (Infirmi\u00e8re)<br>Patrice Garnero (Infirmier)<br>Yann Gicquel (Designer textile)<br>Ayman Khoury (Cin\u00e9aste, photographe)<br>Bashir Massad (Artiste)<br>Marine M&rsquo;Sili (Enseignante)<br>Lola Mercier (Etudiante)<br>Nina Rigollier (Etudiante)<br>Franck Vernet (Administrateur)<br><\/p>\n\n\n\n<p><strong>L&rsquo;\u00e9quipe<br><\/strong>Trecy Afonso (R\u00e9gie g\u00e9n\u00e9rale et programmation artistique)<br>Willy Legaud (Graphisme)&nbsp;<br>Lola Lyphoudt (Relations aux publics et programmation artistique)<br>Na\u00efk M\u2019Sili (Direction)<br>Nina Rigollier (Stage Master M\u00e9diation) <br>Jay Sutherland (Appui \u00e0 la m\u00e9diation en mission de service civique)<br><br><\/p>\n\n\n\n<p>Depuis 2022, c\u2019est un collectif qui est&nbsp;<strong>en<\/strong>&nbsp;<strong>responsabilit\u00e9 de la programmation artistique pour l\u2019association<\/strong>&nbsp;: <strong>Trecy Afonso, Sabrina Belfarh, Jako Blanc, Lola Lyphoudt, Bashir Massad<\/strong> <br>Ensemble iels disent&nbsp;: \u00ab&nbsp;<em>Partager la responsabilit\u00e9 artistique, c\u2019est introduire de l\u2019horizontalit\u00e9 dans le processus de fabrication du festival, ainsi que dans la relation aux artistes. Notre m\u00e9tier est de r\u00e9v\u00e9ler les \u0153uvres, d\u2019ouvrir des perspectives, de d\u00e9placer les fronti\u00e8res (voire les supprimer), de faire des rapprochements, de laisser \u00e9galement la place \u00e0 ce qui nous \u00e9chappe, nous d\u00e9borde, nous d\u00e9passe. Les \u0153uvres et les artistes priment (\u2026)&nbsp;<\/em>\u00bb&nbsp;<\/p>\n\n\n\n<div style=\"height:64px\" aria-hidden=\"true\" class=\"wp-block-spacer\"><\/div>\n\n\n\n<p class=\"has-small-font-size\">&nbsp;<\/p>\n\n\n\n<figure class=\"wp-block-image size-large\"><a href=\"https:\/\/www.instantsvideo.com\/blog\/wp-content\/uploads\/2023\/05\/Projet-IV-complet.jpg\"><img loading=\"lazy\" decoding=\"async\" width=\"1024\" height=\"322\" src=\"https:\/\/www.instantsvideo.com\/blog\/wp-content\/uploads\/2023\/05\/Projet-IV-complet-1024x322.jpg\" alt=\"\" class=\"wp-image-10103\" srcset=\"https:\/\/www.instantsvideo.com\/blog\/wp-content\/uploads\/2023\/05\/Projet-IV-complet-1024x322.jpg 1024w, https:\/\/www.instantsvideo.com\/blog\/wp-content\/uploads\/2023\/05\/Projet-IV-complet-300x94.jpg 300w, https:\/\/www.instantsvideo.com\/blog\/wp-content\/uploads\/2023\/05\/Projet-IV-complet-768x241.jpg 768w, https:\/\/www.instantsvideo.com\/blog\/wp-content\/uploads\/2023\/05\/Projet-IV-complet-480x151.jpg 480w, https:\/\/www.instantsvideo.com\/blog\/wp-content\/uploads\/2023\/05\/Projet-IV-complet.jpg 1500w\" sizes=\"auto, (max-width: 1024px) 100vw, 1024px\" \/><\/a><\/figure>\n\n\n\n<p>&nbsp;<\/p>\n\n\n\n<div style=\"height:100px\" aria-hidden=\"true\" class=\"wp-block-spacer\"><\/div>\n","protected":false},"excerpt":{"rendered":"<p>Dans le champ des arts vid\u00e9o de la R\u00e9gion Marseille-Provence, notre association occupe une place tr\u00e8s singuli\u00e8re, tant par sa d\u00e9marche que par ses choix artistiques, et qui est le fruit d\u2019un long travail men\u00e9 \u00e0 la fois sur son territoire d\u2019ancrage (Marseille, Aix, Martigues, Manosque, Gap, Brian\u00e7on\u2026) et au plan international.<\/p>\n","protected":false},"author":9,"featured_media":2208,"comment_status":"open","ping_status":"closed","sticky":false,"template":"","format":"standard","meta":{"footnotes":""},"categories":[3],"tags":[],"class_list":["post-164","post","type-post","status-publish","format-standard","has-post-thumbnail","hentry","category-apropos"],"_links":{"self":[{"href":"https:\/\/www.instantsvideo.com\/blog\/wp-json\/wp\/v2\/posts\/164","targetHints":{"allow":["GET"]}}],"collection":[{"href":"https:\/\/www.instantsvideo.com\/blog\/wp-json\/wp\/v2\/posts"}],"about":[{"href":"https:\/\/www.instantsvideo.com\/blog\/wp-json\/wp\/v2\/types\/post"}],"author":[{"embeddable":true,"href":"https:\/\/www.instantsvideo.com\/blog\/wp-json\/wp\/v2\/users\/9"}],"replies":[{"embeddable":true,"href":"https:\/\/www.instantsvideo.com\/blog\/wp-json\/wp\/v2\/comments?post=164"}],"version-history":[{"count":106,"href":"https:\/\/www.instantsvideo.com\/blog\/wp-json\/wp\/v2\/posts\/164\/revisions"}],"predecessor-version":[{"id":14743,"href":"https:\/\/www.instantsvideo.com\/blog\/wp-json\/wp\/v2\/posts\/164\/revisions\/14743"}],"wp:featuredmedia":[{"embeddable":true,"href":"https:\/\/www.instantsvideo.com\/blog\/wp-json\/wp\/v2\/media\/2208"}],"wp:attachment":[{"href":"https:\/\/www.instantsvideo.com\/blog\/wp-json\/wp\/v2\/media?parent=164"}],"wp:term":[{"taxonomy":"category","embeddable":true,"href":"https:\/\/www.instantsvideo.com\/blog\/wp-json\/wp\/v2\/categories?post=164"},{"taxonomy":"post_tag","embeddable":true,"href":"https:\/\/www.instantsvideo.com\/blog\/wp-json\/wp\/v2\/tags?post=164"}],"curies":[{"name":"wp","href":"https:\/\/api.w.org\/{rel}","templated":true}]}}