{"id":16171,"date":"2026-04-16T08:01:15","date_gmt":"2026-04-16T07:01:15","guid":{"rendered":"https:\/\/www.instantsvideo.com\/blog\/?p=16171"},"modified":"2026-04-16T08:13:23","modified_gmt":"2026-04-16T07:13:23","slug":"le-festival-2025veille-ardente","status":"publish","type":"post","link":"https:\/\/www.instantsvideo.com\/blog\/2026\/04\/le-festival-2025veille-ardente\/","title":{"rendered":"38e Instants Vid\u00e9o 2025"},"content":{"rendered":"\n<p><strong>Ce que nous voyons vacille. Mais nous veillons.<br><\/strong><br>Pour sa <strong>38e \u00e9dition, du 11 octobre au 21 novembre 2025<\/strong>, le <em>Festival Les Instants Vid\u00e9o <\/em>s\u2019oppose \u00e0 la nuit. Ici, la vid\u00e9o devient mati\u00e8re vivante, sensorielle et politique. Elle accueille les invisibles, les refoul\u00e9.e.s, les \u00eatres en marge ou en fuite. Elle redonne du souffle \u00e0 des territoires ab\u00eem\u00e9s, \u00e0 des archives br\u00fblantes, \u00e0 des corps qui n\u2019acceptent plus d\u2019\u00eatre r\u00e9duits au silence.<br>Dans un monde qui ass\u00e8che les imaginaires, les artistes nous rendent au tremblement.<br>\u00c0 travers leurs oeuvres, iels activent une m\u00e9moire critique et po\u00e9tique du monde, en r\u00e9sistance aux amn\u00e9sies modernes et aux narrations dominantes. Iels cherchent des formes lentes, des formes fi\u00e9vreuses, d\u2019autres langages.<\/p>\n\n\n\n<p>Cette ann\u00e9e, notre collectif artistique de 5 personnes aux profils pluriels et intimement li\u00e9es au festival ont s\u00e9lectionn\u00e9 avec soin <strong>124 \u0153uvres venues de 41 pays<\/strong>, qui composent la programmation&nbsp;: <strong>19 projections, 3 expositions, 20 installations et 4 performances<\/strong>.<\/p>\n\n\n\n<p>C\u2019est aussi plus de <strong>28 partenaires <\/strong>(structures artistiques, festivals, cin\u00e9ma, associations sociales et \u00e9ducatives\u2026) qui rendent cette aventure collective possible.<\/p>\n\n\n\n<p>Du 16 au 19 octobre, le festival \u00e0 la Friche la Belle de Mai deviendra un lieu d\u2019immersion, de veille partag\u00e9e, d\u2019<strong>hospitalit\u00e9 et de po\u00e9sie \u00e9lectronique<\/strong> : les <em>Rencontres Internationales<\/em>, c\u0153ur battant du festival, feront dialoguer les pratiques artistiques et les exp\u00e9riences humaines.<br>Les \u0153uvres nous appellent \u00e0 devenir, \u00e0 notre tour, des corps en \u00e9veil : saisis, sensibles, critiques. Elles convoqueront une m\u00e9moire po\u00e9tique, une lenteur pr\u00e9cieuse, une attention au monde.<br>Trois performances viendront ponctuer ces journ\u00e9es, fa\u00e7onnant la mati\u00e8re (musique, images, texte\u2026).<br><br>Nous affirmerons nos amiti\u00e9s videopo\u00e9tiques et notre d\u00e9sir de circulation libre des regards et des \u0153uvres en accueillant \u00e9galement deux festivals internationaux \u2013 <strong><em>VideoBardo<\/em> (Argentine)<\/strong> et le <strong><em>Saigon Experimental Film Festival <\/em>(Vietnam)<\/strong>.<br><br>Des <strong>rencontres \u00ab d\u2019un autre type \u00bb<\/strong> repousseront encore les fronti\u00e8res&nbsp;:<\/p>\n\n\n\n<ul class=\"wp-block-list\">\n<li>des <strong>habitant.e.s de Marseille<\/strong> ouvriront le festival avec une programmation construite au fil des mois, accompagn\u00e9.e.s par l\u2019\u00e9quipe des IV.<\/li>\n\n\n\n<li><strong>deux<\/strong> <strong>autrices<\/strong> viendront partager leurs explorations des questions d\u00e9coloniales, \u00e0 travers une litt\u00e9rature des interstices.<\/li>\n\n\n\n<li>six artistes du<strong> projet Tae\u2019thir<\/strong> (Tunisie, Egypte, Turquie, France, Maroc, Liban) nous partageront leurs \u0153uvres, ouvrant un dialogue sur les intersections cr\u00e9ation\/droits humains.<\/li>\n<\/ul>\n\n\n\n<p>Nos \u00e9chapp\u00e9es belles nous m\u00e8neront aussi \u00e0 l&rsquo;<strong>Universit\u00e9 Aix- Marseille<\/strong> (Turbulence), \u00e0 l\u2019<strong><em>\u00c9cole d\u2019Art<\/em> <\/strong>d\u2019Aix-en-Provence, et \u00e0 Marseille au cin\u00e9ma <strong><em>Vid\u00e9odrome 2<\/em> <\/strong>ainsi que dans deux structures sociales de la ville (l&rsquo;<strong>ADPEI<\/strong> et <strong>Espoir Provence<\/strong>) transform\u00e9es pour l\u2019occasion en galeries populaires \u00e9ph\u00e9m\u00e8res \u2013 parce que l\u2019art doit vivre l\u00e0 o\u00f9 nous vivons.<\/p>\n\n\n\n<p>Enfin, notre curiosit\u00e9 (prendre soin) au monde nous portera au-del\u00e0 des fronti\u00e8res, vers l\u2019<strong>Iran <\/strong>(Ispahan), l\u2019<strong>Italie <\/strong>(Milan), l\u2019<strong>Alg\u00e9rie <\/strong>(Alger), l\u2019<strong>Argentine<\/strong> (Buenos Aires), et jusque sur la <strong>WebTV <\/strong><em>Visualcontainer<\/em>, o\u00f9 une s\u00e9lection de vid\u00e9o sera projet\u00e9e durant un mois pour toucher celles et ceux qui ne peuvent nous rejoindre.<\/p>\n\n\n\n<p>Le festival ne sera pas un refuge, mais un lieu intense \u00e0 habiter, \u00e0 \u00e9prouver.<br>Un espace-temps pour<strong> une veille ardente, partag\u00e9e et n\u00e9cessaire.<\/strong><\/p>\n\n\n\n<div class=\"wp-block-buttons is-content-justification-center is-layout-flex wp-container-core-buttons-is-layout-16018d1d wp-block-buttons-is-layout-flex\">\n<div class=\"wp-block-button is-style-fill\"><a class=\"wp-block-button__link has-vivid-red-background-color has-background wp-element-button\" href=\"https:\/\/www.instantsvideo.com\/blog\/category\/le-festival-2025\/\">Voir le programme<\/a><\/div>\n<\/div>\n\n\n\n<div style=\"height:100px\" aria-hidden=\"true\" class=\"wp-block-spacer\"><\/div>\n","protected":false},"excerpt":{"rendered":"<p>veille ardente<\/p>\n","protected":false},"author":9,"featured_media":16172,"comment_status":"closed","ping_status":"closed","sticky":false,"template":"","format":"standard","meta":{"footnotes":""},"categories":[5],"tags":[],"class_list":["post-16171","post","type-post","status-publish","format-standard","has-post-thumbnail","hentry","category-archives"],"_links":{"self":[{"href":"https:\/\/www.instantsvideo.com\/blog\/wp-json\/wp\/v2\/posts\/16171","targetHints":{"allow":["GET"]}}],"collection":[{"href":"https:\/\/www.instantsvideo.com\/blog\/wp-json\/wp\/v2\/posts"}],"about":[{"href":"https:\/\/www.instantsvideo.com\/blog\/wp-json\/wp\/v2\/types\/post"}],"author":[{"embeddable":true,"href":"https:\/\/www.instantsvideo.com\/blog\/wp-json\/wp\/v2\/users\/9"}],"replies":[{"embeddable":true,"href":"https:\/\/www.instantsvideo.com\/blog\/wp-json\/wp\/v2\/comments?post=16171"}],"version-history":[{"count":6,"href":"https:\/\/www.instantsvideo.com\/blog\/wp-json\/wp\/v2\/posts\/16171\/revisions"}],"predecessor-version":[{"id":16182,"href":"https:\/\/www.instantsvideo.com\/blog\/wp-json\/wp\/v2\/posts\/16171\/revisions\/16182"}],"wp:featuredmedia":[{"embeddable":true,"href":"https:\/\/www.instantsvideo.com\/blog\/wp-json\/wp\/v2\/media\/16172"}],"wp:attachment":[{"href":"https:\/\/www.instantsvideo.com\/blog\/wp-json\/wp\/v2\/media?parent=16171"}],"wp:term":[{"taxonomy":"category","embeddable":true,"href":"https:\/\/www.instantsvideo.com\/blog\/wp-json\/wp\/v2\/categories?post=16171"},{"taxonomy":"post_tag","embeddable":true,"href":"https:\/\/www.instantsvideo.com\/blog\/wp-json\/wp\/v2\/tags?post=16171"}],"curies":[{"name":"wp","href":"https:\/\/api.w.org\/{rel}","templated":true}]}}