{"id":16130,"date":"2026-03-31T09:47:35","date_gmt":"2026-03-31T08:47:35","guid":{"rendered":"https:\/\/www.instantsvideo.com\/blog\/?p=16130"},"modified":"2026-03-31T13:02:59","modified_gmt":"2026-03-31T12:02:59","slug":"16-oeuvres-presentees-a-marseille-les-4-5-juillet-2026-2","status":"publish","type":"post","link":"https:\/\/www.instantsvideo.com\/blog\/2026\/03\/16-oeuvres-presentees-a-marseille-les-4-5-juillet-2026-2\/","title":{"rendered":"Exposition-rencontre \u00e0 Marseille les 4 &amp; 5 juillet 2026"},"content":{"rendered":"\n<p class=\"has-medium-font-size\">Comme&nbsp;<em>des graines port\u00e9es par le vent chaud,<\/em>&nbsp;16 cr\u00e9ations r\u00e9unies dans le cadre du projet&nbsp;<strong><a href=\"https:\/\/www.instantsvideo.com\/blog\/category\/projet-taethir\/\" target=\"_blank\" rel=\"noreferrer noopener\">Tae\u2019thir<\/a>,&nbsp;<\/strong>dessinent une toile de possibles.&nbsp;<\/p>\n\n\n\n<p>En\u00a0provenance\u00a0<strong>d\u2019Alg\u00e9rie, d\u2019\u00c9gypte, de France, de Gr\u00e8ce, du Liban, de Libye, du Maroc, de Palestine et de Tunisie<\/strong>,\u00a016 artistes et cr\u00e9ateur.ice.s\u00a0de contenus\u00a0accompagnent\u00a0deux jours de\u00a0rencontres et de d\u00e9couvertes,\u00a0autour\u00a0d\u2019une volont\u00e9\u00a0partag\u00e9e\u00a0:\u00a0<strong>interroger\u00a0la complexit\u00e9 du\u00a0politique et du social\u00a0par\u00a0le langage\u00a0artistique<\/strong>.\u00a0<br>Qu\u2019il s\u2019agisse de photographie, vid\u00e9o, documentaire, installations multi-m\u00e9dia, jeu vid\u00e9o, \u00e9critures, podcasts, archives,\u00a0leurs \u0153uvres s\u2019emparent\u00a0avec force\u00a0de\u00a0<strong>questions fondamentales li\u00e9es aux droits humains<\/strong>\u00a0: libert\u00e9 d\u2019expression, m\u00e9moire collective et postcoloniale, construction des\u00a0identit\u00e9s, genre, mobilisations sociales, rapports de domination.\u00a0S\u2019y tissent des\u00a0enjeux\u00a0de\u00a0r\u00e9paration,\u00a0r\u00e9appropriation\u00a0et\u00a0transmission.<\/p>\n\n\n\n<p>L\u2019\u00e9v\u00e9nement Tae\u2019thir, pens\u00e9 comme un espace d\u2019exp\u00e9rimentation et de circulation des id\u00e9es, invite ainsi \u00e0 renouveler nos mani\u00e8res de penser, de raconter et d\u2019imaginer le monde d\u2019aujourd\u2019hui et de demain.<\/p>\n\n\n\n<div style=\"height:61px\" aria-hidden=\"true\" class=\"wp-block-spacer\"><\/div>\n\n\n\n<div class=\"wp-block-media-text is-stacked-on-mobile is-image-fill-element\" style=\"grid-template-columns:35% auto\"><figure class=\"wp-block-media-text__media\"><img loading=\"lazy\" decoding=\"async\" width=\"1024\" height=\"557\" src=\"https:\/\/www.instantsvideo.com\/blog\/wp-content\/uploads\/2026\/03\/Aya-CHRIKI-polyphonies-fragmentees-1024x557.jpg\" alt=\"\" class=\"wp-image-16063 size-full\" style=\"object-position:33% 40%\" srcset=\"https:\/\/www.instantsvideo.com\/blog\/wp-content\/uploads\/2026\/03\/Aya-CHRIKI-polyphonies-fragmentees-1024x557.jpg 1024w, https:\/\/www.instantsvideo.com\/blog\/wp-content\/uploads\/2026\/03\/Aya-CHRIKI-polyphonies-fragmentees-300x163.jpg 300w, https:\/\/www.instantsvideo.com\/blog\/wp-content\/uploads\/2026\/03\/Aya-CHRIKI-polyphonies-fragmentees-768x417.jpg 768w, https:\/\/www.instantsvideo.com\/blog\/wp-content\/uploads\/2026\/03\/Aya-CHRIKI-polyphonies-fragmentees-480x261.jpg 480w, https:\/\/www.instantsvideo.com\/blog\/wp-content\/uploads\/2026\/03\/Aya-CHRIKI-polyphonies-fragmentees.jpg 1343w\" sizes=\"auto, (max-width: 1024px) 100vw, 1024px\" \/><\/figure><div class=\"wp-block-media-text__content\">\n<p><strong><em>Polyphonie fragment\u00e9es: m\u00e9moire des femmes en exil <\/em><\/strong><strong>(2026) \/ Aya Chriki (Tunisie)<\/strong><\/p>\n\n\n\n<p class=\"has-small-font-size\">Ce projet d\u2019installation artistique m\u00eale vid\u00e9os, images, visuels et documents pour explorer les exp\u00e9riences d\u2019exil de femmes arabes entre la France et l\u2019\u00c9gypte. \u00c0 partir de t\u00e9moignages personnels et collectifs,il construit une m\u00e9moire fragment\u00e9e o\u00f9 chaque r\u00e9cit, voix singuli\u00e8re, raconte une exp\u00e9rience individuelle, mais qui, ensemble, tisse une histoire collective. Cette polyphonie cherche \u00e0 visualiser et \u00e0 comprendre les tensions entre identit\u00e9, appartenance et d\u00e9placement.<br>Pens\u00e9 comme une archive vivante, le projet affirme la n\u00e9cessit\u00e9 de rendre visibles et audibles des r\u00e9cits souvent marginalis\u00e9s. Il questionne \u00e9galement la place de nos histoires personnelles face aux r\u00e9cits officiels, souvent indiff\u00e9rents aux v\u00e9cus, aux \u00e9motions et \u00e0 la mani\u00e8re dont nous avons travers\u00e9 ces exp\u00e9riences<\/p>\n<\/div><\/div>\n\n\n\n<div style=\"height:51px\" aria-hidden=\"true\" class=\"wp-block-spacer\"><\/div>\n\n\n\n<div class=\"wp-block-media-text is-stacked-on-mobile is-image-fill-element\" style=\"grid-template-columns:36% auto\"><figure class=\"wp-block-media-text__media\"><img loading=\"lazy\" decoding=\"async\" width=\"1024\" height=\"576\" src=\"https:\/\/www.instantsvideo.com\/blog\/wp-content\/uploads\/2026\/03\/Ahmed-ESSAM-Jusqua-ce-que-nous-nous-retrouvions-1024x576.jpeg\" alt=\"\" class=\"wp-image-16104 size-full\" style=\"object-position:50% 50%\" srcset=\"https:\/\/www.instantsvideo.com\/blog\/wp-content\/uploads\/2026\/03\/Ahmed-ESSAM-Jusqua-ce-que-nous-nous-retrouvions-1024x576.jpeg 1024w, https:\/\/www.instantsvideo.com\/blog\/wp-content\/uploads\/2026\/03\/Ahmed-ESSAM-Jusqua-ce-que-nous-nous-retrouvions-300x169.jpeg 300w, https:\/\/www.instantsvideo.com\/blog\/wp-content\/uploads\/2026\/03\/Ahmed-ESSAM-Jusqua-ce-que-nous-nous-retrouvions-768x432.jpeg 768w, https:\/\/www.instantsvideo.com\/blog\/wp-content\/uploads\/2026\/03\/Ahmed-ESSAM-Jusqua-ce-que-nous-nous-retrouvions-480x270.jpeg 480w, https:\/\/www.instantsvideo.com\/blog\/wp-content\/uploads\/2026\/03\/Ahmed-ESSAM-Jusqua-ce-que-nous-nous-retrouvions.jpeg 1500w\" sizes=\"auto, (max-width: 1024px) 100vw, 1024px\" \/><\/figure><div class=\"wp-block-media-text__content\">\n<p><strong><em>Jusqu&rsquo;\u00e0 ce que nous nous retrouvions<\/em><\/strong><strong> (2026) \/ Ahmed Essam (Egypte)<\/strong><\/p>\n\n\n\n<p class=\"has-small-font-size\">Ahmed et Hussein, deux jeunes cin\u00e9astes d&rsquo;Alexandrie, \u00e9taient li\u00e9s par une profonde amiti\u00e9 forg\u00e9e par leur amour du cin\u00e9ma et leurs longues conversations sur l&rsquo;art et la politique. En janvier 2024, Hussein a \u00e9t\u00e9 arr\u00eat\u00e9 pour des raisons politiques sur la base de fausses accusations. Depuis lors, Ahmed lui envoie des cassettes audio contenant des sons et des bribes de vie \u00e0 l\u2019ext\u00e9rieur, tandis que Hussein lui r\u00e9pond par des lettres manuscrites depuis sa cellule. Gr\u00e2ce \u00e0 cet \u00e9change secret, ils entretiennent leur amiti\u00e9 \u2014 et le lien de Hussein avec le monde \u2014 malgr\u00e9 les murs qui les s\u00e9parent.<\/p>\n<\/div><\/div>\n\n\n\n<div style=\"height:51px\" aria-hidden=\"true\" class=\"wp-block-spacer\"><\/div>\n\n\n\n<div class=\"wp-block-media-text is-stacked-on-mobile is-image-fill-element\" style=\"grid-template-columns:36% auto\"><figure class=\"wp-block-media-text__media\"><img loading=\"lazy\" decoding=\"async\" width=\"626\" height=\"417\" src=\"https:\/\/www.instantsvideo.com\/blog\/wp-content\/uploads\/2026\/03\/micro-scene-devant-salle-floue_274719-10446-2027276175-1.jpg\" alt=\"\" class=\"wp-image-16116 size-full\" style=\"object-position:50% 50%\" srcset=\"https:\/\/www.instantsvideo.com\/blog\/wp-content\/uploads\/2026\/03\/micro-scene-devant-salle-floue_274719-10446-2027276175-1.jpg 626w, https:\/\/www.instantsvideo.com\/blog\/wp-content\/uploads\/2026\/03\/micro-scene-devant-salle-floue_274719-10446-2027276175-1-300x200.jpg 300w, https:\/\/www.instantsvideo.com\/blog\/wp-content\/uploads\/2026\/03\/micro-scene-devant-salle-floue_274719-10446-2027276175-1-480x320.jpg 480w\" sizes=\"auto, (max-width: 626px) 100vw, 626px\" \/><\/figure><div class=\"wp-block-media-text__content\">\n<p><strong><em>Al Bayan <\/em>(2026) \/ Dana Younes (Liban) <br><\/strong><\/p>\n\n\n\n<p class=\"has-small-font-size\">Al Bayan est un spectacle en arabe, n\u00e9 du parcours \u00e9motionnel et politique que je traverse depuis 2023. Al Bayan signifie \u201cla d\u00e9claration\u201d, l\u2019acte de cr\u00e9er par les mots, \u00e0 la fois po\u00e9tique et politique.&nbsp;<br>Au premier niveau la voix, la mienne, inspir\u00e9e par le rap et le slam, j\u2019apporte une po\u00e9sie o\u00f9 coexistent urgence et vuln\u00e9rabilit\u00e9, o\u00f9 l\u2019intime rencontre la m\u00e9moire collective.&nbsp;<br>Avec les producteurs d&rsquo;\u00e9lectronique Muhandas \/ MOZBOX et LTFLL, j\u2019ai cr\u00e9\u00e9 des compositions oscillant entre harmonie et tension, faisant \u00e9cho \u00e0 la voix ou s\u2019y opposant. Le paysage sonore porte le rythme comme le silence, o\u00f9 souffle, bruit et \u00e9motion se m\u00ealent.<br>Des projections de paysages du sud du Liban accompagnent la sc\u00e8ne. Ciels, horizons, fragments de terre retiennent ce qui pourrait dispara\u00eetre.&nbsp;Plus que des illustrations, ce sont des r\u00e9sistances contre l\u2019effacement.&nbsp;<br>Al-Bayan est une d\u00e9claration de pr\u00e9sence : une voix contre la disparition, un rythme qui clarifie, un geste qui transforme le silence en v\u00e9rit\u00e9. Il parle depuis l\u2019int\u00e9rieur de la guerre et du colonialisme, sans en faire un spectacle. La voix y devient \u00e0 la fois blessure et arme, apportant de la clart\u00e9 dans le bruit et de la lumi\u00e8re dans la perte.<\/p>\n<\/div><\/div>\n\n\n\n<div style=\"height:51px\" aria-hidden=\"true\" class=\"wp-block-spacer\"><\/div>\n\n\n\n<div class=\"wp-block-media-text is-stacked-on-mobile is-image-fill-element\" style=\"grid-template-columns:35% auto\"><figure class=\"wp-block-media-text__media\"><img loading=\"lazy\" decoding=\"async\" width=\"683\" height=\"1024\" src=\"https:\/\/www.instantsvideo.com\/blog\/wp-content\/uploads\/2026\/03\/Asmaa-BASHASHAH-Rak-Bent-683x1024.jpg\" alt=\"\" class=\"wp-image-16074 size-full\" style=\"object-position:50% 50%\" srcset=\"https:\/\/www.instantsvideo.com\/blog\/wp-content\/uploads\/2026\/03\/Asmaa-BASHASHAH-Rak-Bent-683x1024.jpg 683w, https:\/\/www.instantsvideo.com\/blog\/wp-content\/uploads\/2026\/03\/Asmaa-BASHASHAH-Rak-Bent-200x300.jpg 200w, https:\/\/www.instantsvideo.com\/blog\/wp-content\/uploads\/2026\/03\/Asmaa-BASHASHAH-Rak-Bent-768x1152.jpg 768w, https:\/\/www.instantsvideo.com\/blog\/wp-content\/uploads\/2026\/03\/Asmaa-BASHASHAH-Rak-Bent-480x720.jpg 480w, https:\/\/www.instantsvideo.com\/blog\/wp-content\/uploads\/2026\/03\/Asmaa-BASHASHAH-Rak-Bent.jpg 1000w\" sizes=\"auto, (max-width: 683px) 100vw, 683px\" \/><\/figure><div class=\"wp-block-media-text__content\">\n<p><strong><em>Rak Bent (You are a girl)<\/em> (2025) \/ Asmaa Bashashah (Lybie)<\/strong><\/p>\n\n\n\n<p class=\"has-small-font-size\"><strong><br><\/strong>\u00ab Rak Bent \u00bb est une expression couramment utilis\u00e9e dans le dialecte libyen pour rappeler \u00e0 une fille les limites qui lui sont impos\u00e9es simplement parce qu&rsquo;elle est une femme. Le projet explore le droit des femmes libyennes \u00e0 la ville, en se concentrant sur Benghazi, un espace fa\u00e7onn\u00e9 par des valeurs sociales profond\u00e9ment enracin\u00e9es qui r\u00e9gissent la pr\u00e9sence des femmes dans l&rsquo;espace public. \u00c0 travers une s\u00e9rie de peintures \u00e0 l&rsquo;huile combin\u00e9es \u00e0 des techniques mixtes, l&rsquo;\u0153uvre explore les fronti\u00e8res visibles et invisibles qui fa\u00e7onnent les mouvements, la libert\u00e9 et le sentiment d&rsquo;appartenance des femmes dans l&rsquo;environnement urbain. En traduisant ces structures sociales en compositions visuelles superpos\u00e9es, le projet r\u00e9fl\u00e9chit \u00e0 la tension entre espace priv\u00e9 et espace public, r\u00e9v\u00e9lant comment la ville elle-m\u00eame peut devenir \u00e0 la fois un lieu de restriction et un champ de n\u00e9gociation pour la pr\u00e9sence f\u00e9minine.<\/p>\n<\/div><\/div>\n\n\n\n<div style=\"height:50px\" aria-hidden=\"true\" class=\"wp-block-spacer\"><\/div>\n\n\n\n<div class=\"wp-block-media-text is-stacked-on-mobile is-image-fill-element\" style=\"grid-template-columns:37% auto\"><figure class=\"wp-block-media-text__media\"><img loading=\"lazy\" decoding=\"async\" width=\"1024\" height=\"577\" src=\"https:\/\/www.instantsvideo.com\/blog\/wp-content\/uploads\/2026\/03\/Sihem-BENMINA-Comme-nous-brulons--1024x577.jpg\" alt=\"\" class=\"wp-image-16069 size-full\" style=\"object-position:50% 50%\" srcset=\"https:\/\/www.instantsvideo.com\/blog\/wp-content\/uploads\/2026\/03\/Sihem-BENMINA-Comme-nous-brulons--1024x577.jpg 1024w, https:\/\/www.instantsvideo.com\/blog\/wp-content\/uploads\/2026\/03\/Sihem-BENMINA-Comme-nous-brulons--300x169.jpg 300w, https:\/\/www.instantsvideo.com\/blog\/wp-content\/uploads\/2026\/03\/Sihem-BENMINA-Comme-nous-brulons--768x433.jpg 768w, https:\/\/www.instantsvideo.com\/blog\/wp-content\/uploads\/2026\/03\/Sihem-BENMINA-Comme-nous-brulons--480x270.jpg 480w, https:\/\/www.instantsvideo.com\/blog\/wp-content\/uploads\/2026\/03\/Sihem-BENMINA-Comme-nous-brulons-.jpg 1500w\" sizes=\"auto, (max-width: 1024px) 100vw, 1024px\" \/><\/figure><div class=\"wp-block-media-text__content\">\n<p><strong><em>Comme nous br\u00fblons <\/em>(2026) \/ Sihem Benmina (France)<\/strong><\/p>\n\n\n\n<p class=\"has-small-font-size\"><strong><br><\/strong><em>Comme nous br\u00fblons <\/em>est une revue de litt\u00e9rature contemporaine m\u00e9t\u00e8que, fond\u00e9e \u00e0 Marseille en 2024. Elle est accompagn\u00e9e d\u2019un site web o\u00f9 sont accueillis certains textes des auteur\u00b7rice\u00b7s non retenu\u00b7e\u00b7s par notre comit\u00e9 de lecture pour la revue papier ou d\u00e9couverts dans le cadre de nos sc\u00e8nes ouvertes. Cet espace \u00e9ditorial alternatif propose des textes, mais \u00e9galement des images et des formats audios.&nbsp;Cette plateforme a \u00e9t\u00e9 imagin\u00e9 par Sihem Benmina, directrice \u00e9ditoriale de CNBL et Anne-Sarah Huet, \u00e9crivaine et chercheuse ind\u00e9pendante, gr\u00e2ce \u00e0 l&rsquo;expertise de cette derni\u00e8re sur la th\u00e9orie du choix social. La conception de cet espace num\u00e9rique s&rsquo;est d\u00e9ploy\u00e9e \u00e0 partir d&rsquo;une r\u00e9flexion autour des logiques d\u2019exclusion du monde de l\u2019\u00e9dition, et plus particuli\u00e8rement dans l&rsquo;exercice du choix (et du travail) \u00e9ditorial. En questionnant les biais raciaux et les logiques de rentabilit\u00e9 dans le monde de l&rsquo;\u00e9dition, cette plateforme prolonge le souffle de la revue, tout en \u00e9largissant son audience gr\u00e2ce \u00e0 son format gratuit et accessible par rapport \u00e0 l\u2019objet-livre.<\/p>\n<\/div><\/div>\n\n\n\n<div style=\"height:51px\" aria-hidden=\"true\" class=\"wp-block-spacer\"><\/div>\n\n\n\n<div class=\"wp-block-media-text is-stacked-on-mobile is-image-fill-element\" style=\"grid-template-columns:37% auto\"><figure class=\"wp-block-media-text__media\"><img loading=\"lazy\" decoding=\"async\" width=\"1024\" height=\"768\" src=\"https:\/\/www.instantsvideo.com\/blog\/wp-content\/uploads\/2026\/03\/Vanessa-ABDELAAL-Antropomorphic-City-1024x768.jpg\" alt=\"\" class=\"wp-image-16072 size-full\" style=\"object-position:50% 50%\" srcset=\"https:\/\/www.instantsvideo.com\/blog\/wp-content\/uploads\/2026\/03\/Vanessa-ABDELAAL-Antropomorphic-City-1024x768.jpg 1024w, https:\/\/www.instantsvideo.com\/blog\/wp-content\/uploads\/2026\/03\/Vanessa-ABDELAAL-Antropomorphic-City-300x225.jpg 300w, https:\/\/www.instantsvideo.com\/blog\/wp-content\/uploads\/2026\/03\/Vanessa-ABDELAAL-Antropomorphic-City-768x576.jpg 768w, https:\/\/www.instantsvideo.com\/blog\/wp-content\/uploads\/2026\/03\/Vanessa-ABDELAAL-Antropomorphic-City-480x360.jpg 480w, https:\/\/www.instantsvideo.com\/blog\/wp-content\/uploads\/2026\/03\/Vanessa-ABDELAAL-Antropomorphic-City.jpg 1500w\" sizes=\"auto, (max-width: 1024px) 100vw, 1024px\" \/><\/figure><div class=\"wp-block-media-text__content\">\n<p><strong><em>Anthropomorphic City<\/em> (2026) \/ Vanessa Abdelaal (Liban) <\/strong><\/p>\n\n\n\n<p class=\"has-small-font-size\"><strong><br><\/strong>Tajseed Madina \u00ab <em>Une ville anthropomorphique <\/em>\u00bb explore la relation entre l\u2019individu et une ville qui ne cesse de r\u00e9sister. Inspir\u00e9 par l\u2019\u00e9loignement de la cin\u00e9aste de Beyrouth lors des violations isra\u00e9liennes de 2024, ce film pose la question suivante : comment les artistes peuvent-ils r\u00e9sister dans l\u2019absence ?<br>En tant que citoyenne non libanaise appartenant \u00e0 un lieu qui la rejette, le Liban, cette \u0153uvre rend hommage aux artistes citoyen.ne.s et non citoyen.ne.s libanais.e.s qui continuent d\u2019aimer, de r\u00e9sister et de cr\u00e9er \u00e0 Beyrouth, ainsi qu\u2019\u00e0 la diaspora libanaise contrainte de s\u2019en d\u00e9tacher. Le film m\u00eale une s\u00e9paration m\u00e9taphoriquement imagin\u00e9e d\u2019un \u00eatre cher \u00e0 la distance r\u00e9elle que repr\u00e9sente le fait d\u2019\u00eatre loin de cette ville.<br>Pour se rapprocher de Beyrouth, la cin\u00e9aste la regarde \u00e0 travers l\u2019objectif de la cam\u00e9ra. Elle m\u00eale ainsi des images de r\u00e9alit\u00e9 et de fiction. La m\u00e9tamorphose d\u2019une ville en femme r\u00e9v\u00e8le les rapports de force entre Beyrouth et la cin\u00e9aste. La ville devient une femme capable de parler et de s\u2019approcher de la cam\u00e9ra. Entre la r\u00e9sistance \u00e0 la distance et le d\u00e9sir de proximit\u00e9, un montage de photographies intimes de la peau et de la ville, superpos\u00e9es les unes aux autres, s\u2019acc\u00e9l\u00e8re et entre en collision, fusionnant la femme et Beyrouth en une seule image. Une image que seul l\u2019art cin\u00e9matographique peut permettre d\u2019exister.<\/p>\n<\/div><\/div>\n\n\n\n<div style=\"height:53px\" aria-hidden=\"true\" class=\"wp-block-spacer\"><\/div>\n\n\n\n<div class=\"wp-block-media-text is-stacked-on-mobile is-image-fill-element\" style=\"grid-template-columns:38% auto\"><figure class=\"wp-block-media-text__media\"><img loading=\"lazy\" decoding=\"async\" width=\"1024\" height=\"623\" src=\"https:\/\/www.instantsvideo.com\/blog\/wp-content\/uploads\/2026\/03\/Yanis-RATBI-Unname_Rename-1024x623.jpg\" alt=\"\" class=\"wp-image-16071 size-full\" style=\"object-position:50% 50%\" srcset=\"https:\/\/www.instantsvideo.com\/blog\/wp-content\/uploads\/2026\/03\/Yanis-RATBI-Unname_Rename-1024x623.jpg 1024w, https:\/\/www.instantsvideo.com\/blog\/wp-content\/uploads\/2026\/03\/Yanis-RATBI-Unname_Rename-300x182.jpg 300w, https:\/\/www.instantsvideo.com\/blog\/wp-content\/uploads\/2026\/03\/Yanis-RATBI-Unname_Rename-768x467.jpg 768w, https:\/\/www.instantsvideo.com\/blog\/wp-content\/uploads\/2026\/03\/Yanis-RATBI-Unname_Rename-480x292.jpg 480w, https:\/\/www.instantsvideo.com\/blog\/wp-content\/uploads\/2026\/03\/Yanis-RATBI-Unname_Rename.jpg 1500w\" sizes=\"auto, (max-width: 1024px) 100vw, 1024px\" \/><\/figure><div class=\"wp-block-media-text__content\">\n<p><strong><em>Unname\/rename <\/em><\/strong><strong>(2026) \/ Yanis Ratbi (France)<\/strong><\/p>\n\n\n\n<p class=\"has-small-font-size\"><br>Installation artistique qui utilise un jeu vid\u00e9o pour explorer la m\u00e9moire de l\u2019immigration nord-africaine post-coloniale. Le spectateur y incarne un joueur parcourant un archipel m\u00e9diterran\u00e9en brumeux, ou se trouve un cimeti\u00e8re fictif d\u00e9di\u00e9 aux victimes de la guerre des noms concept du philosophe Quentin Mur qui d\u00e9signe l\u2019effacement colonial des lieux, identit\u00e9s et histoires.&nbsp;L\u2019exp\u00e9rience repose sur la retoponymie : renommer un lieu devient un geste symbolique mat\u00e9rialis\u00e9 par l\u2019activation de tombes-po\u00e8mes, chacune repr\u00e9sentant un nom oubli\u00e9.&nbsp;<br>En cliquant sur une st\u00e8le, le nom r\u00e9appara\u00eet et s\u2019illumine, transformant cette action ludique en acte de m\u00e9moire et de r\u00e9paration. Chaque st\u00e8le renvoie \u00e0 un quartier d\u00e9truit, une rue marquante, un foyer de travailleurs, un bidonville ou une figure militante effac\u00e9e. Le paysage sonore &#8211; chants, fragments de langues nord-africaines, silences- compose une cartographie sensorielle. Au fil de l\u2019exploration, le cimeti\u00e8re se d\u00e9voile peu \u00e0 peu et devient un parcours de m\u00e9moire incarn\u00e9e.&nbsp;<\/p>\n<\/div><\/div>\n\n\n\n<div style=\"height:50px\" aria-hidden=\"true\" class=\"wp-block-spacer\"><\/div>\n\n\n\n<div class=\"wp-block-media-text is-stacked-on-mobile is-image-fill-element\" style=\"grid-template-columns:37% auto\"><figure class=\"wp-block-media-text__media\"><img loading=\"lazy\" decoding=\"async\" width=\"868\" height=\"858\" src=\"https:\/\/www.instantsvideo.com\/blog\/wp-content\/uploads\/2026\/03\/Nawal-BENALI-Y-a-ca-chez-nous-.jpg\" alt=\"\" class=\"wp-image-16070 size-full\" style=\"object-position:50% 50%\" srcset=\"https:\/\/www.instantsvideo.com\/blog\/wp-content\/uploads\/2026\/03\/Nawal-BENALI-Y-a-ca-chez-nous-.jpg 868w, https:\/\/www.instantsvideo.com\/blog\/wp-content\/uploads\/2026\/03\/Nawal-BENALI-Y-a-ca-chez-nous--300x297.jpg 300w, https:\/\/www.instantsvideo.com\/blog\/wp-content\/uploads\/2026\/03\/Nawal-BENALI-Y-a-ca-chez-nous--768x759.jpg 768w, https:\/\/www.instantsvideo.com\/blog\/wp-content\/uploads\/2026\/03\/Nawal-BENALI-Y-a-ca-chez-nous--480x474.jpg 480w\" sizes=\"auto, (max-width: 868px) 100vw, 868px\" \/><\/figure><div class=\"wp-block-media-text__content\">\n<p><strong><em>Y\u2019a \u00e7a chez nous<\/em> (2026) \/ Nawal Benali (France)<\/strong><\/p>\n\n\n\n<p class=\"has-small-font-size\"><strong><br><\/strong>Ce podcast a pour vocation de d\u00e9construire et analyser les dynamiques de racisme anti-Noir propres \u00e0 l&rsquo;Afrique du Nord et ses diasporas. Comment se fait-il que des Africains discriminent aussi facilement d&rsquo;autres Africains et qu&rsquo;est-ce que ce biais discriminatoire traduit en r\u00e9alit\u00e9 ? Quels sont les faits historiques de la r\u00e9gion Nord du continent ayant men\u00e9 \u00e0 une fracture, imaginaire dans les faits, r\u00e9elle dans les esprits entre une Afrique \u00ab\u00a0blanche\u00a0\u00bb et une autre qui serait \u00ab\u00a0noire\u00a0\u00bb, et quels sont les faits politiques et sociaux entretenant cet imaginaire ?<\/p>\n<\/div><\/div>\n\n\n\n<div style=\"height:51px\" aria-hidden=\"true\" class=\"wp-block-spacer\"><\/div>\n\n\n\n<div class=\"wp-block-media-text is-stacked-on-mobile is-image-fill-element\" style=\"grid-template-columns:36% auto\"><figure class=\"wp-block-media-text__media\"><img loading=\"lazy\" decoding=\"async\" width=\"1024\" height=\"687\" src=\"https:\/\/www.instantsvideo.com\/blog\/wp-content\/uploads\/2026\/03\/Youcef-SENOUS-A-la-recherche-du-reste-du-pays-1024x687.jpg\" alt=\"\" class=\"wp-image-16061 size-full\" style=\"object-position:50% 50%\" srcset=\"https:\/\/www.instantsvideo.com\/blog\/wp-content\/uploads\/2026\/03\/Youcef-SENOUS-A-la-recherche-du-reste-du-pays-1024x687.jpg 1024w, https:\/\/www.instantsvideo.com\/blog\/wp-content\/uploads\/2026\/03\/Youcef-SENOUS-A-la-recherche-du-reste-du-pays-300x201.jpg 300w, https:\/\/www.instantsvideo.com\/blog\/wp-content\/uploads\/2026\/03\/Youcef-SENOUS-A-la-recherche-du-reste-du-pays-768x515.jpg 768w, https:\/\/www.instantsvideo.com\/blog\/wp-content\/uploads\/2026\/03\/Youcef-SENOUS-A-la-recherche-du-reste-du-pays-480x322.jpg 480w, https:\/\/www.instantsvideo.com\/blog\/wp-content\/uploads\/2026\/03\/Youcef-SENOUS-A-la-recherche-du-reste-du-pays.jpg 1500w\" sizes=\"auto, (max-width: 1024px) 100vw, 1024px\" \/><\/figure><div class=\"wp-block-media-text__content\">\n<p><strong><em>\u00c0 la recherche du reste du pays<\/em><\/strong><strong> (2026) \/ Youcef Senous (Alg\u00e9rie)<\/strong><\/p>\n\n\n\n<p class=\"has-small-font-size\"><em>\u00c0 la recherche du reste du pays<\/em> est un projet photographique, vid\u00e9o et sonore qui cherche \u00e0 comprendre l&rsquo;Alg\u00e9rie contemporaine en allant \u00e0 la rencontre d e celles et ceux qu&rsquo;on ne voit jamais : les vies ordinaires, les gestes discrets, les m\u00e9moires silencieuses. Apr\u00e8s avoir document\u00e9 l\u2019\u00e9nergie du Hirak, l\u2019artiste s&rsquo;int\u00e9resse ici \u00e0 ce qui demeure une fois les foules dispers\u00e9es &#8211; les transmissions fragiles, les fractures g\u00e9n\u00e9rationnelles, les r\u00e9alit\u00e9s socio-\u00e9conomiques du quotidien.&nbsp;<br>Le projet repose sur une immersion lente dans plusieurs wilayas, o\u00f9 chaque image nait d&rsquo;une rencontre et d&rsquo;un dialogue. Photos, vid\u00e9os, sons et textes composent un portrait fragmentaire du pays, \u00e0 hauteur humaine. L&rsquo;objectif est de rendre visibles les existences oubli\u00e9es et de proposer une autre cartographie de l&rsquo;Alg\u00e9rie, sensible, intime et respectueuse.<\/p>\n<\/div><\/div>\n\n\n\n<div style=\"height:52px\" aria-hidden=\"true\" class=\"wp-block-spacer\"><\/div>\n\n\n\n<div class=\"wp-block-media-text is-stacked-on-mobile is-image-fill-element\" style=\"grid-template-columns:36% auto\"><figure class=\"wp-block-media-text__media\"><img loading=\"lazy\" decoding=\"async\" width=\"1024\" height=\"1024\" src=\"https:\/\/www.instantsvideo.com\/blog\/wp-content\/uploads\/2026\/03\/Zeineb-GHORBEL-Dhakkir.jpg\" alt=\"\" class=\"wp-image-16076 size-full\" style=\"object-position:50% 50%\" srcset=\"https:\/\/www.instantsvideo.com\/blog\/wp-content\/uploads\/2026\/03\/Zeineb-GHORBEL-Dhakkir.jpg 1024w, https:\/\/www.instantsvideo.com\/blog\/wp-content\/uploads\/2026\/03\/Zeineb-GHORBEL-Dhakkir-150x150.jpg 150w, https:\/\/www.instantsvideo.com\/blog\/wp-content\/uploads\/2026\/03\/Zeineb-GHORBEL-Dhakkir-300x300.jpg 300w, https:\/\/www.instantsvideo.com\/blog\/wp-content\/uploads\/2026\/03\/Zeineb-GHORBEL-Dhakkir-768x768.jpg 768w, https:\/\/www.instantsvideo.com\/blog\/wp-content\/uploads\/2026\/03\/Zeineb-GHORBEL-Dhakkir-480x480.jpg 480w\" sizes=\"auto, (max-width: 1024px) 100vw, 1024px\" \/><\/figure><div class=\"wp-block-media-text__content\">\n<p><strong><em>Dhakkir <\/em>(2026) \/ Zeineb Ghorbel (Tunisie) <br><\/strong><\/p>\n\n\n\n<p class=\"has-small-font-size\">Le titre <em>Dhakkir <\/em>s\u2019enracine dans une expression coranique qui en \u00e9claire la port\u00e9e :\u00ab Rappelle, car le rappel est utile aux croyants. \u00bb Cette injonction d\u00e9signe un processus actif par lequel une communaut\u00e9 maintient vivante la continuit\u00e9 de son exp\u00e9rience. Le rappe n\u2019 est pas un geste de nostalgie, mais un acte de pr\u00e9sence : une mani\u00e8re de r\u00e9activer ce qui fonde le collectif et de se tenir contre l\u2019oubli.<br>En 2011, j\u2019avais treize ans. Assise devant l\u2019ordinateur familial \u00e0 Tunis, je d\u00e9couvrais Facebook et la r\u00e9volution presque simultan\u00e9ment : des vid\u00e9os trembl\u00e9es, des cris capt\u00e9s par des anonymes, des corps en mouvement. Ce premier moment d\u2019image fut aussi un premier moment de politique. Il continue aujourd\u2019hui de me hanter. <em>Dhakkir <\/em>part de cette exp\u00e9rience pour poser une question intime autant que politique : comment transmettre, activer et faire dialoguer la m\u00e9moire des luttes sociales lorsque ses traces sont fragmentaires, dispers\u00e9es et menac\u00e9es par l\u2019e\ufb00acement algorithmique ?L\u2019installation rassemble des traces visuelles produites durant les mobilisations tunisiennes entre 2008 et 2011.<\/p>\n<\/div><\/div>\n\n\n\n<div style=\"height:51px\" aria-hidden=\"true\" class=\"wp-block-spacer\"><\/div>\n\n\n\n<div class=\"wp-block-media-text is-stacked-on-mobile is-image-fill-element\" style=\"grid-template-columns:36% auto\"><figure class=\"wp-block-media-text__media\"><img loading=\"lazy\" decoding=\"async\" width=\"1024\" height=\"656\" src=\"https:\/\/www.instantsvideo.com\/blog\/wp-content\/uploads\/2026\/03\/Olga_SOUVERMEZOGLOU-Unshipped_-1024x656.jpeg\" alt=\"\" class=\"wp-image-16078 size-full\" style=\"object-position:50% 50%\" srcset=\"https:\/\/www.instantsvideo.com\/blog\/wp-content\/uploads\/2026\/03\/Olga_SOUVERMEZOGLOU-Unshipped_-1024x656.jpeg 1024w, https:\/\/www.instantsvideo.com\/blog\/wp-content\/uploads\/2026\/03\/Olga_SOUVERMEZOGLOU-Unshipped_-300x192.jpeg 300w, https:\/\/www.instantsvideo.com\/blog\/wp-content\/uploads\/2026\/03\/Olga_SOUVERMEZOGLOU-Unshipped_-768x492.jpeg 768w, https:\/\/www.instantsvideo.com\/blog\/wp-content\/uploads\/2026\/03\/Olga_SOUVERMEZOGLOU-Unshipped_-480x308.jpeg 480w, https:\/\/www.instantsvideo.com\/blog\/wp-content\/uploads\/2026\/03\/Olga_SOUVERMEZOGLOU-Unshipped_.jpeg 1500w\" sizes=\"auto, (max-width: 1024px) 100vw, 1024px\" \/><\/figure><div class=\"wp-block-media-text__content\">\n<p><strong><em>Unshipped<\/em> (2026) \/ Olga Souvermezoglou (Gr\u00e8ce)<\/strong><\/p>\n\n\n\n<p class=\"has-small-font-size\"><strong> <br><\/strong><em>Unshipped<\/em>  constitue un cadre conceptuel et m\u00e9thodologique destin\u00e9 \u00e0 \u00e9tudier la violence contemporaine, la m\u00e9moire et les formes de r\u00e9sistance, en prenant la question palestinienne comme point de d\u00e9part pour s\u2019\u00e9tendre \u00e0 des conditions g\u00e9opolitiques et sociales plus larges. Le titre fait r\u00e9f\u00e9rence \u00e0 la fois aux cargaisons d\u2019armes qui n\u2019ont jamais \u00e9t\u00e9 livr\u00e9es, en raison du refus des dockers fran\u00e7ais et grecs de participer \u00e0 la machine de mort, et \u00e0 l\u2019aide humanitaire qui n\u2019est jamais parvenue \u00e0 Gaza, r\u00e9v\u00e9lant ainsi la violence de l\u2019abandon. Parall\u00e8lement, la recherche s\u2019appuie sur l\u2019histoire orale et l\u2019archivage horizontal en tant que pratiques participatives de production de connaissances. \u00c0 travers des entretiens, des r\u00e9cits et des outils historiques non normatifs, elle explore comment les archives peuvent fonctionner non pas comme un d\u00e9p\u00f4t statique, mais comme un espace actif de dialogue, de contre-r\u00e9cits et d\u2019autonomisation des voix exclues.<\/p>\n<\/div><\/div>\n\n\n\n<div style=\"height:52px\" aria-hidden=\"true\" class=\"wp-block-spacer\"><\/div>\n\n\n\n<div class=\"wp-block-media-text is-stacked-on-mobile is-image-fill-element\" style=\"grid-template-columns:36% auto\"><figure class=\"wp-block-media-text__media\"><img loading=\"lazy\" decoding=\"async\" width=\"310\" height=\"404\" src=\"https:\/\/www.instantsvideo.com\/blog\/wp-content\/uploads\/2026\/03\/Capture-decran-2026-03-30-a-17.43.02.png\" alt=\"\" class=\"wp-image-16118 size-full\" style=\"object-position:50% 50%\" srcset=\"https:\/\/www.instantsvideo.com\/blog\/wp-content\/uploads\/2026\/03\/Capture-decran-2026-03-30-a-17.43.02.png 310w, https:\/\/www.instantsvideo.com\/blog\/wp-content\/uploads\/2026\/03\/Capture-decran-2026-03-30-a-17.43.02-230x300.png 230w\" sizes=\"auto, (max-width: 310px) 100vw, 310px\" \/><\/figure><div class=\"wp-block-media-text__content\">\n<p><strong><em>Your Life is a career &#8211; The Boutefteens<\/em><\/strong><strong> (2026) \/ Ahmed Merzagui (Alg\u00e9rie)<\/strong><\/p>\n\n\n\n<p class=\"has-small-font-size\"><em>Your Life Is A Career (Votre Vie est une Carri\u00e8re) <\/em>est une immersion visuelle et sonore au c\u0153ur d\u2019une fracture g\u00e9n\u00e9rationnelle qui traverse l\u2019Alg\u00e9rie contemporaine. \u00c0 partir d\u2019archives, d\u2019images documentaires, d\u2019animations, de fragments du quotidien et de cr\u00e9ations audiovisuelles hybrides, le film met en dialogue deux g\u00e9n\u00e9rations fa\u00e7onn\u00e9es par des contextes radicalement diff\u00e9rents. L\u2019une porte encore l\u2019empreinte d\u2019un pass\u00e9 charg\u00e9 de violence et de silence, une m\u00e9moire fragment\u00e9e qui continue d\u2019habiter les corps et les regards. L\u2019autre a grandi dans un pays pacifi\u00e9, mais fig\u00e9 durant deux d\u00e9cennies sous un m\u00eame pouvoir, construisant son rapport au monde dans une continuit\u00e9 immobile, uniforme et globalitaire. Entre m\u00e9moire et pr\u00e9sent, leurs visions se croisent, se fr\u00f4lent, parfois se r\u00e9pondent, sans toujours se rejoindre.<\/p>\n<\/div><\/div>\n\n\n\n<div style=\"height:52px\" aria-hidden=\"true\" class=\"wp-block-spacer\"><\/div>\n\n\n\n<div class=\"wp-block-media-text is-stacked-on-mobile is-image-fill-element\" style=\"grid-template-columns:36% auto\"><figure class=\"wp-block-media-text__media\"><img loading=\"lazy\" decoding=\"async\" width=\"1024\" height=\"696\" src=\"https:\/\/www.instantsvideo.com\/blog\/wp-content\/uploads\/2026\/03\/Khalid-BOUALAAM-The-people-of-Wad-Shaaba-1024x696.jpg\" alt=\"\" class=\"wp-image-16075 size-full\" style=\"object-position:50% 50%\" srcset=\"https:\/\/www.instantsvideo.com\/blog\/wp-content\/uploads\/2026\/03\/Khalid-BOUALAAM-The-people-of-Wad-Shaaba-1024x696.jpg 1024w, https:\/\/www.instantsvideo.com\/blog\/wp-content\/uploads\/2026\/03\/Khalid-BOUALAAM-The-people-of-Wad-Shaaba-300x204.jpg 300w, https:\/\/www.instantsvideo.com\/blog\/wp-content\/uploads\/2026\/03\/Khalid-BOUALAAM-The-people-of-Wad-Shaaba-768x522.jpg 768w, https:\/\/www.instantsvideo.com\/blog\/wp-content\/uploads\/2026\/03\/Khalid-BOUALAAM-The-people-of-Wad-Shaaba-480x326.jpg 480w, https:\/\/www.instantsvideo.com\/blog\/wp-content\/uploads\/2026\/03\/Khalid-BOUALAAM-The-people-of-Wad-Shaaba.jpg 1044w\" sizes=\"auto, (max-width: 1024px) 100vw, 1024px\" \/><\/figure><div class=\"wp-block-media-text__content\">\n<p><strong><em>The People of Wad Shaaba : Craft, Plate and Place<\/em> (2025) \/ Khalid Bouaalam (Maroc)<\/strong><\/p>\n\n\n\n<p class=\"has-small-font-size\"><strong><br><\/strong>Ce projet explore les liens entre l\u2019histoire de la c\u00e9ramique et les \u00e9tudes g\u00e9ographiques au Maroc au XIXe si\u00e8cle et au d\u00e9but du XXe si\u00e8cle, en examinant comment ces histoires continuent de fa\u00e7onner le pr\u00e9sent. \u00c0 travers l\u2019\u0153uvre intitul\u00e9e \u00ab La carte verte de Wad Cha\u2019ba \u00bb, le projet r\u00e9\u00e9crit la g\u00e9ographie en cartographiant l\u2019histoire c\u00e9ramique de Wad Cha\u2019ba, un cours d\u2019eau de Safi qui porte en lui plus de 500 ans de traditions poti\u00e8res. \u00c0 l\u2019aide de carreaux de c\u00e9ramique, de recherches d\u2019archives et de fouilles personnelles, l\u2019\u0153uvre s\u2019interroge sur la mani\u00e8re dont les connaissances g\u00e9ographiques coloniales ont crois\u00e9 l\u2019artisanat marocain et sur les syst\u00e8mes de pouvoir qui ont fa\u00e7onn\u00e9 ces r\u00e9cits. Parall\u00e8lement \u00e0 la carte, un film documentaire met en avant la voix de l\u2019artisan, pr\u00e9sentant l\u2019histoire depuis les marges et les repositionnant au centre du r\u00e9cit de l\u2019artisanat. L\u2019installation <em>Decentralize<\/em> r\u00e9fl\u00e9chit \u00e0 la possibilit\u00e9 de r\u00e9parer ce r\u00e9cit historique et g\u00e9ographique complexe \u00e0 travers le motif traditionnel Tbouaa. Une autre \u0153uvre r\u00e9pare un pot de cuve de poterie, le \u00ab Qjar \u00bb, en utilisant le pigment bleu cobalt de Safi, inspir\u00e9e de la pratique japonaise du kintsugi. Ensemble, ces \u0153uvres interrogent la possibilit\u00e9 de r\u00e9parer des histoires et des g\u00e9ographies endommag\u00e9es par l\u2019artisanat, r\u00e9v\u00e9lant des blessures \u00e9cologiques, culturelles et sociales tout en imaginant de nouveaux r\u00e9cits de r\u00e9sistance.<\/p>\n<\/div><\/div>\n\n\n\n<div style=\"height:52px\" aria-hidden=\"true\" class=\"wp-block-spacer\"><\/div>\n\n\n\n<div class=\"wp-block-media-text is-stacked-on-mobile\" style=\"grid-template-columns:36% auto\"><figure class=\"wp-block-media-text__media\"><img loading=\"lazy\" decoding=\"async\" width=\"819\" height=\"1024\" src=\"https:\/\/www.instantsvideo.com\/blog\/wp-content\/uploads\/2026\/03\/SIRDAB-819x1024.jpg\" alt=\"\" class=\"wp-image-16081 size-full\" srcset=\"https:\/\/www.instantsvideo.com\/blog\/wp-content\/uploads\/2026\/03\/SIRDAB-819x1024.jpg 819w, https:\/\/www.instantsvideo.com\/blog\/wp-content\/uploads\/2026\/03\/SIRDAB-240x300.jpg 240w, https:\/\/www.instantsvideo.com\/blog\/wp-content\/uploads\/2026\/03\/SIRDAB-768x960.jpg 768w, https:\/\/www.instantsvideo.com\/blog\/wp-content\/uploads\/2026\/03\/SIRDAB-480x600.jpg 480w, https:\/\/www.instantsvideo.com\/blog\/wp-content\/uploads\/2026\/03\/SIRDAB.jpg 1080w\" sizes=\"auto, (max-width: 819px) 100vw, 819px\" \/><\/figure><div class=\"wp-block-media-text__content\">\n<p><strong><em>Sirdab<\/em><\/strong> (2026) \/ Sireen El Araj (Palestine)<\/p>\n\n\n\n<p class=\"has-small-font-size\"><br><em>Sirdab<\/em> est une exploration multim\u00e9dia des politiques de la repr\u00e9sentation, de l\u2019auto-orientalisme et de l\u2019identit\u00e9 culturelle dans le monde arabe. Il interroge de mani\u00e8re critique la fa\u00e7on dont les identit\u00e9s du moyen-orient &#8211; en particulier palestiniennes &#8211; sont souvent f\u00e9tichis\u00e9es, \u00e0 la fois de l\u2019ext\u00e9rieur et de l\u2019int\u00e9rieur.\u00c0 travers un m\u00e9lange d\u2019illustration, d\u2019affiches typographiques, de photographie, de collage et de vid\u00e9o exp\u00e9rimentale, le projet d\u00e9construit les repr\u00e9sentations st\u00e9r\u00e9otyp\u00e9es, encourageant des r\u00e9cits nuanc\u00e9s et authentiques qui remettent en question aussi bien les fantasmes orientalistes occidentaux ques les tropes int\u00e9rioris\u00e9s.<br>Il examine \u00e9galement comment les cr\u00e9ateurs arabes peuvent adapter ou r\u00e9sister \u00e0 ces repr\u00e9sentations en r\u00e9ponse aux attentes occidentales.<br>Le fanzine sera disponible en format num\u00e9rique et potentiellement en version imprim\u00e9e, avec une s\u00e9lection de visuels pr\u00e9sent\u00e9s s\u00e9par\u00e9ment sous forme d\u2019exposition.<\/p>\n<\/div><\/div>\n\n\n\n<div style=\"height:52px\" aria-hidden=\"true\" class=\"wp-block-spacer\"><\/div>\n\n\n\n<div class=\"wp-block-media-text is-stacked-on-mobile is-image-fill-element\" style=\"grid-template-columns:36% auto\"><figure class=\"wp-block-media-text__media\"><img loading=\"lazy\" decoding=\"async\" width=\"1024\" height=\"642\" src=\"https:\/\/www.instantsvideo.com\/blog\/wp-content\/uploads\/2026\/03\/Olfa-BOUARGOUB-Habiter-les-langues--1024x642.jpg\" alt=\"\" class=\"wp-image-16123 size-full\" style=\"object-position:50% 50%\" srcset=\"https:\/\/www.instantsvideo.com\/blog\/wp-content\/uploads\/2026\/03\/Olfa-BOUARGOUB-Habiter-les-langues--1024x642.jpg 1024w, https:\/\/www.instantsvideo.com\/blog\/wp-content\/uploads\/2026\/03\/Olfa-BOUARGOUB-Habiter-les-langues--300x188.jpg 300w, https:\/\/www.instantsvideo.com\/blog\/wp-content\/uploads\/2026\/03\/Olfa-BOUARGOUB-Habiter-les-langues--768x482.jpg 768w, https:\/\/www.instantsvideo.com\/blog\/wp-content\/uploads\/2026\/03\/Olfa-BOUARGOUB-Habiter-les-langues--480x301.jpg 480w, https:\/\/www.instantsvideo.com\/blog\/wp-content\/uploads\/2026\/03\/Olfa-BOUARGOUB-Habiter-les-langues-.jpg 1500w\" sizes=\"auto, (max-width: 1024px) 100vw, 1024px\" \/><\/figure><div class=\"wp-block-media-text__content\">\n<p><strong><em>Habiter les langues, r\u00e9sister aux silences <\/em>(2026) \/ Olfa Bouargoub (France)<\/strong><\/p>\n\n\n\n<p class=\"has-small-font-size\">Habiter les langues, r\u00e9sister aux silences est un projet qui explore les th\u00e8mes de la double culture, de la r\u00e9-appropriation linguistique et de la m\u00e9moire diasporique \u00e0 travers un dialogue entre texte, images et son.<br>Il s&rsquo;agit de cr\u00e9er une \u0153uvre hybride: une installation vid\u00e9o o\u00f9 les mots, les images et les sons se c\u00f4toient pour r\u00e9v\u00e9ler des r\u00e9alit\u00e9s souvent invisibles et ouvrir un dialogue sur les enjeux des droits humains en M\u00e9diterran\u00e9e. Quelles sont ces v\u00e9cues et leurs diversit\u00e9s ? Comment sont-ils per\u00e7us ? Sont-ils per\u00e7us ?<br>L&rsquo;oeuvre sonore, \u00e9crite en fran\u00e7ais et en darija, met en lumi\u00e8re les tensions entre appartenance et distance, transmission et oubli, tout en questionnant les notions d&rsquo;identit\u00e9, de communaut\u00e9 et de r\u00e9silience face aux effacements culturels lorsque l&rsquo;on a grandi loin des lieux de ses anc\u00eatres<\/p>\n<\/div><\/div>\n\n\n\n<div style=\"height:53px\" aria-hidden=\"true\" class=\"wp-block-spacer\"><\/div>\n\n\n\n<div class=\"wp-block-media-text is-stacked-on-mobile is-image-fill-element\" style=\"grid-template-columns:36% auto\"><figure class=\"wp-block-media-text__media\"><img loading=\"lazy\" decoding=\"async\" width=\"819\" height=\"1024\" src=\"https:\/\/www.instantsvideo.com\/blog\/wp-content\/uploads\/2026\/03\/SIRDAB-3-819x1024.jpg\" alt=\"\" class=\"wp-image-16105 size-full\" style=\"object-position:50% 50%\" srcset=\"https:\/\/www.instantsvideo.com\/blog\/wp-content\/uploads\/2026\/03\/SIRDAB-3-819x1024.jpg 819w, https:\/\/www.instantsvideo.com\/blog\/wp-content\/uploads\/2026\/03\/SIRDAB-3-240x300.jpg 240w, https:\/\/www.instantsvideo.com\/blog\/wp-content\/uploads\/2026\/03\/SIRDAB-3-768x960.jpg 768w, https:\/\/www.instantsvideo.com\/blog\/wp-content\/uploads\/2026\/03\/SIRDAB-3-480x600.jpg 480w, https:\/\/www.instantsvideo.com\/blog\/wp-content\/uploads\/2026\/03\/SIRDAB-3.jpg 1080w\" sizes=\"auto, (max-width: 819px) 100vw, 819px\" \/><\/figure><div class=\"wp-block-media-text__content\">\n<p><strong><em>Diwan du dernier majdh\u016bb <\/em>(2026) \/ Nabil Aniss (Maroc) <\/strong><\/p>\n\n\n\n<p class=\"has-small-font-size\"><strong><em><br><\/em><\/strong>Diwan du dernier majdh\u016bb (2026), de Nabil Aniss (Maroc), est un essai vid\u00e9o \u00e0 dimension mystique tourn\u00e9 \u00e0 Marrakech avec Ba Hmad, l\u2019un des derniers ma\u00e2lems (ma\u00eetres musiciens) encore vivants de la confr\u00e9rie gnaoua.Le film s\u2019int\u00e9resse \u00e0 la disparition progressive de formes de savoir rituelles dites h\u00e9t\u00e9rodoxes \u2014 c\u2019est-\u00e0-dire situ\u00e9es en marge de l\u2019orthodoxie religieuse dominante \u2014 sous l\u2019effet combin\u00e9 des politiques n\u00e9olib\u00e9rales de l\u2019\u00c9tat et des dynamiques de normalisation religieuse au Maroc.<br>Au c\u0153ur du film se trouve la figure du majdh\u016bb, mystique errant dont le corps devient le vecteur d\u2019un savoir transmis par les rituels confr\u00e9riques. \u00c0 travers l\u2019invocation musicale et spirituelle de Ba Hmad, la performance rituelle appara\u00eet comme une archive vivante : elle conserve et transmet une m\u00e9moire collective, marqu\u00e9e notamment par l\u2019histoire coloniale et postcoloniale.<br>Le projet inscrit les Gnawa et d\u2019autres confr\u00e9ries h\u00e9t\u00e9rodoxes dans l\u2019histoire des \u02bfAb\u012bd al-Bukh\u0101r\u012b, corps militaire constitu\u00e9 de populations noires r\u00e9duites en esclavage sous le r\u00e8gne de Moulay Isma\u00efl \u00e0 Mekn\u00e8s. Le film explore \u00e9galement les notions de sang et de sacrifice comme \u00e9l\u00e9ments centraux de ces syst\u00e8mes rituels. Le sacrifice y est envisag\u00e9 comme une violence fondatrice qui d\u00e9passe les logiques modernes de pacification et de contr\u00f4le.<br>Enfin, le film interroge la mani\u00e8re dont ces pratiques sont progressivement neutralis\u00e9es, \u00e0 travers des processus d\u2019orthodoxisation religieuse et de patrimonialisation h\u00e9rit\u00e9s du contexte colonial.<\/p>\n<\/div><\/div>\n\n\n\n<div style=\"height:100px\" aria-hidden=\"true\" class=\"wp-block-spacer\"><\/div>\n\n\n\n<p><\/p>\n","protected":false},"excerpt":{"rendered":"<p>Comme\u00a0des graines port\u00e9es par le vent chaud,\u00a016 cr\u00e9ations, en\u00a0provenance\u00a0d\u2019Alg\u00e9rie, d\u2019\u00c9gypte, de France, de Gr\u00e8ce, du Liban, de Libye, du Maroc, de Palestine et de Tunisie, dessinent une toile de possibles.\u00a0<\/p>\n","protected":false},"author":9,"featured_media":16098,"comment_status":"open","ping_status":"closed","sticky":false,"template":"","format":"standard","meta":{"footnotes":""},"categories":[577,1],"tags":[],"class_list":["post-16130","post","type-post","status-publish","format-standard","has-post-thumbnail","hentry","category-accueil","category-non-classe"],"_links":{"self":[{"href":"https:\/\/www.instantsvideo.com\/blog\/wp-json\/wp\/v2\/posts\/16130","targetHints":{"allow":["GET"]}}],"collection":[{"href":"https:\/\/www.instantsvideo.com\/blog\/wp-json\/wp\/v2\/posts"}],"about":[{"href":"https:\/\/www.instantsvideo.com\/blog\/wp-json\/wp\/v2\/types\/post"}],"author":[{"embeddable":true,"href":"https:\/\/www.instantsvideo.com\/blog\/wp-json\/wp\/v2\/users\/9"}],"replies":[{"embeddable":true,"href":"https:\/\/www.instantsvideo.com\/blog\/wp-json\/wp\/v2\/comments?post=16130"}],"version-history":[{"count":4,"href":"https:\/\/www.instantsvideo.com\/blog\/wp-json\/wp\/v2\/posts\/16130\/revisions"}],"predecessor-version":[{"id":16144,"href":"https:\/\/www.instantsvideo.com\/blog\/wp-json\/wp\/v2\/posts\/16130\/revisions\/16144"}],"wp:featuredmedia":[{"embeddable":true,"href":"https:\/\/www.instantsvideo.com\/blog\/wp-json\/wp\/v2\/media\/16098"}],"wp:attachment":[{"href":"https:\/\/www.instantsvideo.com\/blog\/wp-json\/wp\/v2\/media?parent=16130"}],"wp:term":[{"taxonomy":"category","embeddable":true,"href":"https:\/\/www.instantsvideo.com\/blog\/wp-json\/wp\/v2\/categories?post=16130"},{"taxonomy":"post_tag","embeddable":true,"href":"https:\/\/www.instantsvideo.com\/blog\/wp-json\/wp\/v2\/tags?post=16130"}],"curies":[{"name":"wp","href":"https:\/\/api.w.org\/{rel}","templated":true}]}}