{"id":15903,"date":"2025-12-15T13:40:18","date_gmt":"2025-12-15T12:40:18","guid":{"rendered":"https:\/\/www.instantsvideo.com\/blog\/?p=15903"},"modified":"2025-12-18T15:29:26","modified_gmt":"2025-12-18T14:29:26","slug":"appel-a-participation-39e-festival-les-instants-video","status":"publish","type":"post","link":"https:\/\/www.instantsvideo.com\/blog\/2025\/12\/appel-a-participation-39e-festival-les-instants-video\/","title":{"rendered":"Appel \u00e0 participation : 39e Festival Les Instants Vid\u00e9o"},"content":{"rendered":"\n<h2 class=\"wp-block-heading has-text-align-center has-vivid-red-color has-text-color has-link-color wp-elements-31743803f38eedb56852ae875524f902\"><strong><strong>Date limite&nbsp;: 28 f\u00e9vrier 2026<\/strong><\/strong><\/h2>\n\n\n\n<div style=\"height:60px\" aria-hidden=\"true\" class=\"wp-block-spacer\"><\/div>\n\n\n\n<p>Depuis 38 ans,&nbsp;<em>L<\/em><em>e Festival L<\/em><em>es Instants Vid\u00e9o<\/em>&nbsp;est&nbsp;une manifestation toujours en mouvement, \u00e0 l\u2019\u00e9coute de la cr\u00e9ation vid\u00e9o&nbsp;et du monde qui l\u2019entoure,&nbsp;un espace o\u00f9 les images cherchent \u00e0 surprendre, questionner, d\u00e9placer.<\/p>\n\n\n\n<p>D\u00e9di\u00e9 \u00e0 l\u2019<strong>art vid\u00e9o et \u00e0 la po\u00e9sie \u00e9lectronique<\/strong>,&nbsp;<em>Le Festival&nbsp;<\/em>propose&nbsp;des projections, performances, expositions&nbsp;et rencontres d\u2019un autre type.&nbsp;Ainsi, les \u00ab&nbsp;rencontres internationales&nbsp;\u00bb permettent&nbsp;4 jours de ralliement dans un \u00e9crin d\u2019hospitalit\u00e9, pour que les regards puissent se croiser, les paroles s\u2019\u00e9changer, l\u2019imagination se d\u00e9brider,&nbsp;l\u2019ici et&nbsp;l\u2019ailleurs se (re)penser.&nbsp;<\/p>\n\n\n\n<p>Le festival explore aussi, comme on explore une ville, d\u2019autres formes d\u2019accueil des \u0153uvres, et dans la continuit\u00e9 de Fluxus, s\u2019applique \u00e0 \u00e9viter l&rsquo;entre-soi en&nbsp;m\u00ealant les univers (du social, de la sant\u00e9, de l\u2019\u00e9ducation, de l\u2019insertion\u2026). Il s\u2019enrichit d\u2019<em>\u00e9chapp\u00e9es belles<\/em>&nbsp;\u00e0 Marseille, dans la R\u00e9gion Sud, ainsi qu\u2019\u00e0 l\u2019international.<\/p>\n\n\n<div class=\"wp-block-image\">\n<figure class=\"aligncenter size-full is-resized\"><a href=\"https:\/\/www.instantsvideo.com\/blog\/wp-content\/uploads\/2025\/12\/Capture-decran-2025-12-18-a-15.27.49-1.png\"><img loading=\"lazy\" decoding=\"async\" width=\"618\" height=\"145\" src=\"https:\/\/www.instantsvideo.com\/blog\/wp-content\/uploads\/2025\/12\/Capture-decran-2025-12-18-a-15.27.49-1.png\" alt=\"\" class=\"wp-image-15925\" style=\"width:722px;height:auto\" srcset=\"https:\/\/www.instantsvideo.com\/blog\/wp-content\/uploads\/2025\/12\/Capture-decran-2025-12-18-a-15.27.49-1.png 618w, https:\/\/www.instantsvideo.com\/blog\/wp-content\/uploads\/2025\/12\/Capture-decran-2025-12-18-a-15.27.49-1-300x70.png 300w, https:\/\/www.instantsvideo.com\/blog\/wp-content\/uploads\/2025\/12\/Capture-decran-2025-12-18-a-15.27.49-1-480x113.png 480w\" sizes=\"auto, (max-width: 618px) 100vw, 618px\" \/><\/a><\/figure>\n<\/div>\n\n\n<p>Notre festival se construit&nbsp;avec des artistes qui explorent d\u2019autres mani\u00e8res de filmer, de raconter et&nbsp;de penser les images,&nbsp;avec&nbsp;celles et ceux qui font de l\u2019image un terrain de&nbsp;frottements&nbsp;et de dialogues.&nbsp;Nous sommes attentif.ve.s&nbsp;aux formes artistiques qui \u00e9chappent aux classifications habituelles,&nbsp;aux gestes vid\u00e9o qui se d\u00e9ploient comme des actes sensibles, po\u00e9litiques, critiques.&nbsp;Notre programmation s\u2019\u00e9labore dans une perspective qui veille \u00e0 croiser les points de vue et les exp\u00e9riences.<\/p>\n\n\n\n<p>Nous&nbsp;portons une attention particuli\u00e8re aux&nbsp;\u0153uvres qui prennent en compte les enjeux f\u00e9ministes, queer, antiracistes, d\u00e9coloniaux, qui d\u00e9placent le regard, jouent avec les images, renouv\u00e8lent les langages, ouvrent des br\u00e8ches dans le r\u00e9el.<\/p>\n\n\n\n<p>Conscient.e.s que la po\u00e9sie \u00e9lectronique est un art sensible et combatif, nous accueillerons vos cr\u00e9ations avec soin et bienveillance. Merci de la confiance que vous nous accordez en les partageant avec nous.<\/p>\n\n\n\n<p>Les r\u00e9sultats de la s\u00e9lection seront communiqu\u00e9s \u00e0 chaque artiste en juin 2026.<\/p>\n\n\n\n<div class=\"wp-block-buttons is-content-justification-center is-layout-flex wp-container-core-buttons-is-layout-16018d1d wp-block-buttons-is-layout-flex\">\n<div class=\"wp-block-button\"><a class=\"wp-block-button__link wp-element-button\" href=\"https:\/\/filmfreeway.com\/instantsvideo\">L&rsquo;inscription c&rsquo;est ici<\/a><\/div>\n<\/div>\n\n\n\n<div style=\"height:51px\" aria-hidden=\"true\" class=\"wp-block-spacer\"><\/div>\n\n\n\n<p class=\"has-small-font-size\">Manifestation internationale soutenue par le Minist\u00e8re de la Culture (DRAC PACA) et le CNC, le Conseil R\u00e9gional SUD, le Conseil G\u00e9n\u00e9ral des Bouches-du-Rh\u00f4ne, La Ville de Marseille, la SACEM et le FONJEP.<\/p>\n\n\n\n<div style=\"height:100px\" aria-hidden=\"true\" class=\"wp-block-spacer\"><\/div>\n","protected":false},"excerpt":{"rendered":"<p>Date limite\u00a0: 28 f\u00e9vrier 2026<\/p>\n","protected":false},"author":9,"featured_media":15916,"comment_status":"open","ping_status":"closed","sticky":false,"template":"","format":"standard","meta":{"footnotes":""},"categories":[577,1],"tags":[],"class_list":["post-15903","post","type-post","status-publish","format-standard","has-post-thumbnail","hentry","category-accueil","category-non-classe"],"_links":{"self":[{"href":"https:\/\/www.instantsvideo.com\/blog\/wp-json\/wp\/v2\/posts\/15903","targetHints":{"allow":["GET"]}}],"collection":[{"href":"https:\/\/www.instantsvideo.com\/blog\/wp-json\/wp\/v2\/posts"}],"about":[{"href":"https:\/\/www.instantsvideo.com\/blog\/wp-json\/wp\/v2\/types\/post"}],"author":[{"embeddable":true,"href":"https:\/\/www.instantsvideo.com\/blog\/wp-json\/wp\/v2\/users\/9"}],"replies":[{"embeddable":true,"href":"https:\/\/www.instantsvideo.com\/blog\/wp-json\/wp\/v2\/comments?post=15903"}],"version-history":[{"count":11,"href":"https:\/\/www.instantsvideo.com\/blog\/wp-json\/wp\/v2\/posts\/15903\/revisions"}],"predecessor-version":[{"id":15926,"href":"https:\/\/www.instantsvideo.com\/blog\/wp-json\/wp\/v2\/posts\/15903\/revisions\/15926"}],"wp:featuredmedia":[{"embeddable":true,"href":"https:\/\/www.instantsvideo.com\/blog\/wp-json\/wp\/v2\/media\/15916"}],"wp:attachment":[{"href":"https:\/\/www.instantsvideo.com\/blog\/wp-json\/wp\/v2\/media?parent=15903"}],"wp:term":[{"taxonomy":"category","embeddable":true,"href":"https:\/\/www.instantsvideo.com\/blog\/wp-json\/wp\/v2\/categories?post=15903"},{"taxonomy":"post_tag","embeddable":true,"href":"https:\/\/www.instantsvideo.com\/blog\/wp-json\/wp\/v2\/tags?post=15903"}],"curies":[{"name":"wp","href":"https:\/\/api.w.org\/{rel}","templated":true}]}}