{"id":15083,"date":"2025-08-05T23:07:44","date_gmt":"2025-08-05T22:07:44","guid":{"rendered":"https:\/\/www.instantsvideo.com\/blog\/?p=15083"},"modified":"2025-08-05T23:08:48","modified_gmt":"2025-08-05T22:08:48","slug":"37e-instants-video-2024","status":"publish","type":"post","link":"https:\/\/www.instantsvideo.com\/blog\/2025\/08\/37e-instants-video-2024\/","title":{"rendered":"37E INSTANTS VIDEO 2024"},"content":{"rendered":"\n<h4 class=\"wp-block-heading\">Car de quoi vit l\u2019humain&nbsp;?<\/h4>\n\n\n\n<p><em><strong>2024<\/strong><\/em><br>Le portrait cinglant de l\u2019\u00eatre humain que Bertolt Brecht dresse dans son&nbsp;<em>Op\u00e9ra de quat\u2019sous<\/em>&nbsp;en&nbsp;1928&nbsp;reste tristement actuel&nbsp;: une soci\u00e9t\u00e9 de discriminations, de classes herm\u00e9tiques,&nbsp;de magouilles et d\u2019hypocrisies,&nbsp;o\u00f9 les injustices&nbsp;sont&nbsp;pr\u00e9sentes \u00e0 tous les niveaux.<br>Ou&nbsp;encore,&nbsp;la&nbsp;mont\u00e9e des extr\u00eames droites en Europe,&nbsp;des dictatures dans le monde,&nbsp;<strong>Gaza<\/strong>.<\/p>\n\n\n\n<p><em>Mme Peachum<\/em>&nbsp;aurait&nbsp;donc encore&nbsp;raison&nbsp;aujourd\u2019hui&nbsp;lorsqu\u2019elle&nbsp;affirme&nbsp;:<br><em>Car de quoi vit l\u2019humain ? Lui qui sans cesse<\/em><br><em>D\u00e9pouille, harc\u00e8le, attaque, \u00e9touffe et bouffe son prochain.<\/em><br><em>Oui, ce qui tient l\u2019humain, c\u2019est qu\u2019il s\u2019empresse<\/em><br><em>D\u2019oublier qu\u2019il est encore un humain<\/em>.<\/p>\n\n\n\n<p>Cette 37e \u00e9dition nous convie \u00e0 fabriquer un festival<strong> foyer de r\u00e9sistance<\/strong> o\u00f9 regarder ensemble, un espace o\u00f9 prendre&nbsp;le temps, de voir, de comparer&nbsp;et&nbsp;de faire compara\u00eetre&nbsp;<strong>les images<\/strong>&nbsp;devant nos regards critiques.<\/p>\n\n\n\n<p><\/p>\n\n\n\n<figure class=\"wp-block-image size-large\"><a href=\"https:\/\/www.instantsvideo.com\/blog\/wp-content\/uploads\/2024\/08\/Cicatrices_Malubea-e1725182579552-1.jpg\"><img loading=\"lazy\" decoding=\"async\" width=\"1024\" height=\"442\" src=\"https:\/\/www.instantsvideo.com\/blog\/wp-content\/uploads\/2024\/08\/Cicatrices_Malubea-e1725182579552-1-1024x442.jpg\" alt=\"\" class=\"wp-image-13791\" srcset=\"https:\/\/www.instantsvideo.com\/blog\/wp-content\/uploads\/2024\/08\/Cicatrices_Malubea-e1725182579552-1-1024x442.jpg 1024w, https:\/\/www.instantsvideo.com\/blog\/wp-content\/uploads\/2024\/08\/Cicatrices_Malubea-e1725182579552-1-300x129.jpg 300w, https:\/\/www.instantsvideo.com\/blog\/wp-content\/uploads\/2024\/08\/Cicatrices_Malubea-e1725182579552-1-768x331.jpg 768w, https:\/\/www.instantsvideo.com\/blog\/wp-content\/uploads\/2024\/08\/Cicatrices_Malubea-e1725182579552-1-480x207.jpg 480w, https:\/\/www.instantsvideo.com\/blog\/wp-content\/uploads\/2024\/08\/Cicatrices_Malubea-e1725182579552-1.jpg 1440w\" sizes=\"auto, (max-width: 1024px) 100vw, 1024px\" \/><\/a><figcaption class=\"wp-element-caption\"><a href=\"http:\/\/www.parya-vatankhah.com\/?page_id=4821\" target=\"_blank\" rel=\"noreferrer noopener\">Performance vendredi 18 octobre en soir\u00e9e <em><strong>Cicatrices<\/strong><\/em> (2024)\/ <strong>Malub\u00e9a<\/strong> (Belgique) <\/a><\/figcaption><\/figure>\n\n\n\n<p><\/p>\n\n\n\n<p>Face aux flux d\u2019images qui fabriquent de l\u2019ignorance et de l\u2019oubli, qui nourrissent nos peurs,&nbsp;les&nbsp;\u0153uvres pr\u00e9sent\u00e9es&nbsp;vont nous accompagner,&nbsp;parfois&nbsp;avec&nbsp;l\u00e9g\u00e8ret\u00e9,&nbsp;souvent&nbsp;avec po\u00e9sie,&nbsp;toujours&nbsp;avec&nbsp;la distance n\u00e9cessaire pour nous permettre d\u2019<strong>activer une r\u00e9flexion, une pens\u00e9e <\/strong>contre la t\u00e9tanie et le lamento.&nbsp;<\/p>\n\n\n\n<p>Certaines \u0153uvres prendront des&nbsp;chemins de traverse pour&nbsp;<strong>combattre&nbsp;la censure et&nbsp;exister<\/strong>.&nbsp;Malgr\u00e9 tout.<\/p>\n\n\n\n<p>D\u2019autres seront <strong>d\u00e9log\u00e9es&nbsp;des lieux&nbsp;conventionnels<\/strong>&nbsp;pour \u00eatre&nbsp;install\u00e9es&nbsp;dans&nbsp;des espaces de&nbsp;la vie&nbsp;politique et sociale, \u00e0&nbsp;l\u2019\u00e9cole primaire, \u00e0 l\u2019universit\u00e9, dans des structures sant\u00e9\/sociale&nbsp;ou&nbsp;dans un restaurant.&nbsp;<\/p>\n\n\n\n<p>Le festival prendra aussi position comme <em><strong>Mus\u00e9e de solidarit\u00e9 <\/strong><\/em>et abritera la 8e biennale palestinienne&nbsp;\/si:n\/contrainte \u00e0 l\u2019exil.&nbsp;<em>Dans un geste&nbsp;po\u00e9litique,&nbsp;les artistes lui ont offert leurs oeuvres.<\/em><\/p>\n\n\n\n<p>Enfin, nous&nbsp;interrogerons&nbsp;les&nbsp;nouveaux espaces de rencontre et de dialogue, entre <strong>cr\u00e9ation et droits humains<\/strong>, qu\u2019explorent&nbsp;de&nbsp;jeunes&nbsp;artistes et cr\u00e9ateur.ice.s&nbsp;de contenus&nbsp;du pourtour de la&nbsp;M\u00e9diterran\u00e9e&nbsp;venu.e.s nous rejoindre<em>.<\/em><\/p>\n\n\n\n<p>Chemin faisant, avec&nbsp;le<strong> po\u00e8te \u00e9lectronique&nbsp;Michel Jaffrennou<\/strong>, nous remonterons <strong>aux sources de l\u2019art vid\u00e9o<\/strong>, un art&nbsp;qui&nbsp;a&nbsp;su mettre&nbsp;en avant, entre autres, l&rsquo;espi\u00e8glerie, la simplicit\u00e9, l&rsquo;internationalisme, l&rsquo;inter-m\u00e9dia, l&rsquo;\u00e9ph\u00e9m\u00e8re&nbsp;(performance)&nbsp;et l&rsquo;unit\u00e9 de l&rsquo;art et de la vie quotidienne.&nbsp;<\/p>\n\n\n\n<figure class=\"wp-block-image size-large\"><a href=\"https:\/\/www.instantsvideo.com\/blog\/wp-content\/uploads\/2024\/08\/jaffrenou.jpg\"><img loading=\"lazy\" decoding=\"async\" width=\"1024\" height=\"299\" src=\"https:\/\/www.instantsvideo.com\/blog\/wp-content\/uploads\/2024\/08\/jaffrenou-1024x299.jpg\" alt=\"\" class=\"wp-image-13763\" srcset=\"https:\/\/www.instantsvideo.com\/blog\/wp-content\/uploads\/2024\/08\/jaffrenou-1024x299.jpg 1024w, https:\/\/www.instantsvideo.com\/blog\/wp-content\/uploads\/2024\/08\/jaffrenou-300x88.jpg 300w, https:\/\/www.instantsvideo.com\/blog\/wp-content\/uploads\/2024\/08\/jaffrenou-768x224.jpg 768w, https:\/\/www.instantsvideo.com\/blog\/wp-content\/uploads\/2024\/08\/jaffrenou-480x140.jpg 480w, https:\/\/www.instantsvideo.com\/blog\/wp-content\/uploads\/2024\/08\/jaffrenou.jpg 1440w\" sizes=\"auto, (max-width: 1024px) 100vw, 1024px\" \/><\/a><figcaption class=\"wp-element-caption\"><a href=\"https:\/\/www.naimaeditions.com\/biblio\/michel-jaffrennou-jouer-avec-la-video\/\" target=\"_blank\" rel=\"noreferrer noopener\"><em>Jouer avec la vid\u00e9o<\/em> \/ Michel Jaffrennou<\/a><\/figcaption><\/figure>\n\n\n\n<p>L\u2019art vid\u00e9o est un&nbsp;art&nbsp;hybride,&nbsp;c\u2019est peut-\u00eatre ce que l\u2019humain a&nbsp;de&nbsp;commun avec lui.&nbsp;L\u2019humain en ce qu\u2019il&nbsp;c\u00e9l\u00e8bre la <strong>cr\u00e9olisation<\/strong>&nbsp;(\u00c9douard Glissant)&nbsp;\u00ab&nbsp;*ce&nbsp;processus de&nbsp;mise en contact des diff\u00e9rences, lesquelles ne cessent d\u2019\u00e9changer et de se m\u00e9tamorphoser&nbsp;\u00bb.&nbsp;N\u2019est-ce&nbsp;pas&nbsp;de cela que&nbsp;VIT&nbsp;l\u2019humain&nbsp;?&nbsp;Des individus&nbsp;en pleine conscience de&nbsp;leur&nbsp;d\u00e9pendance et interd\u00e9pendance mutuelle,&nbsp;qui&nbsp;oeuvrent \u00e0&nbsp;une \u00ab&nbsp;*<strong>une&nbsp;transformation archip\u00e9lique des humanit\u00e9s<\/strong>&nbsp;\u00bb<\/p>\n\n\n\n<p><em>(*extrait de \u00ab Le paradigme de l\u2019archipel \u00bb, in Archipels Glissant, sous la direction de Fran\u00e7ois Noudelmann, Fran\u00e7oise Simasotchi-Bron\u00e8s, Yann Toma)<\/em><\/p>\n\n\n\n<div class=\"wp-block-buttons is-content-justification-center is-layout-flex wp-container-core-buttons-is-layout-16018d1d wp-block-buttons-is-layout-flex\">\n<div class=\"wp-block-button is-style-fill\"><a class=\"wp-block-button__link has-vivid-red-background-color has-background wp-element-button\" href=\"https:\/\/www.instantsvideo.com\/blog\/category\/le-festival-2024\/\">Voir le programme<\/a><\/div>\n<\/div>\n\n\n\n<div style=\"height:100px\" aria-hidden=\"true\" class=\"wp-block-spacer\"><\/div>\n","protected":false},"excerpt":{"rendered":"<p>Car de quoi vit l&rsquo;humain ?<\/p>\n","protected":false},"author":9,"featured_media":15084,"comment_status":"closed","ping_status":"closed","sticky":false,"template":"","format":"standard","meta":{"footnotes":""},"categories":[5],"tags":[],"class_list":["post-15083","post","type-post","status-publish","format-standard","has-post-thumbnail","hentry","category-archives"],"_links":{"self":[{"href":"https:\/\/www.instantsvideo.com\/blog\/wp-json\/wp\/v2\/posts\/15083","targetHints":{"allow":["GET"]}}],"collection":[{"href":"https:\/\/www.instantsvideo.com\/blog\/wp-json\/wp\/v2\/posts"}],"about":[{"href":"https:\/\/www.instantsvideo.com\/blog\/wp-json\/wp\/v2\/types\/post"}],"author":[{"embeddable":true,"href":"https:\/\/www.instantsvideo.com\/blog\/wp-json\/wp\/v2\/users\/9"}],"replies":[{"embeddable":true,"href":"https:\/\/www.instantsvideo.com\/blog\/wp-json\/wp\/v2\/comments?post=15083"}],"version-history":[{"count":2,"href":"https:\/\/www.instantsvideo.com\/blog\/wp-json\/wp\/v2\/posts\/15083\/revisions"}],"predecessor-version":[{"id":15086,"href":"https:\/\/www.instantsvideo.com\/blog\/wp-json\/wp\/v2\/posts\/15083\/revisions\/15086"}],"wp:featuredmedia":[{"embeddable":true,"href":"https:\/\/www.instantsvideo.com\/blog\/wp-json\/wp\/v2\/media\/15084"}],"wp:attachment":[{"href":"https:\/\/www.instantsvideo.com\/blog\/wp-json\/wp\/v2\/media?parent=15083"}],"wp:term":[{"taxonomy":"category","embeddable":true,"href":"https:\/\/www.instantsvideo.com\/blog\/wp-json\/wp\/v2\/categories?post=15083"},{"taxonomy":"post_tag","embeddable":true,"href":"https:\/\/www.instantsvideo.com\/blog\/wp-json\/wp\/v2\/tags?post=15083"}],"curies":[{"name":"wp","href":"https:\/\/api.w.org\/{rel}","templated":true}]}}