{"id":14381,"date":"2023-11-02T13:55:09","date_gmt":"2023-11-02T12:55:09","guid":{"rendered":"https:\/\/www.instantsvideo.com\/blog\/?p=14381"},"modified":"2025-05-20T16:23:30","modified_gmt":"2025-05-20T15:23:30","slug":"appel-a-participation-2025","status":"publish","type":"post","link":"https:\/\/www.instantsvideo.com\/blog\/2023\/11\/appel-a-participation-2025\/","title":{"rendered":"Appel \u00e0 participation 2025"},"content":{"rendered":"\n<p>Cet appel \u00e0 candidatures s&rsquo;inscrit dans le cadre du Cycle 2 du projet Tae&rsquo;thir, qui invite de jeunes (21 \u00e0 35 ans) <strong>artistes et cr\u00e9ateur.rice.s de contenus de 17 pays m\u00e9diterran\u00e9ens<\/strong> (Alg\u00e9rie, Egypte, Jordanie, Liban, Libye, Maroc, Palestine, Syrie, Tunisie et Turquie, Chypre, France, Gr\u00e8ce, Italie, Malte, Portugal et Espagne) dans un cycle d&rsquo;activit\u00e9s s\u2019articulant autour :<\/p>\n\n\n\n<ul class=\"wp-block-list\">\n<li>d\u2019un <strong>cycle de formation\/r\u00e9flexion en ligne<\/strong> offrant aux participant\u00b7es une exploration approfondie des enjeux des droits humains\u2014patriarcat, critique et censure\u2014tout en favorisant la prise de conscience, la r\u00e9flexion critique et les liens avec l&rsquo;art et la cr\u00e9ation de contenu. Il offre \u00e9galement une plateforme pour les participant\u00b7es afin d&rsquo;\u00e9changer et de partager leurs exp\u00e9riences sur ces questions.<\/li>\n\n\n\n<li>d\u2019un <strong>cycle de mentorat<\/strong> visant \u00e0 soutenir les participant\u00b7es dans le processus de production et de diffusion de leurs productions artistiques et num\u00e9riques, en les aidant \u00e0 structurer et formaliser leur projet sous tous ses aspects (financiers, techniques, et r\u00e9daction du dossier de projet). Un\u00b7e mentor leur apportera un soutien personnalis\u00e9 pour la production d&rsquo;un dossier artistique\/de cr\u00e9ation de contenu.<\/li>\n\n\n\n<li>d\u2019un <strong>atelier multi-acteur.ice.s \u00e0 Marseille<\/strong> visant \u00e0 promouvoir les \u00e9changes entre artistes, cr\u00e9ateur.rice.s de contenu et acteur.ice.s locaux. Ce moment cl\u00e9 du programme permettra aux participant\u00b7es de tisser des liens, de d\u00e9velopper de nouvelles collaborations et de b\u00e9n\u00e9ficier d&rsquo;opportunit\u00e9s pr\u00e9cieuses pour enrichir leurs pratiques artistiques et de cr\u00e9ation de contenu, tout en augmentant la visibilit\u00e9 de leurs projets.<\/li>\n<\/ul>\n\n\n\n<p>10 \u00e0 11 projets seront :<\/p>\n\n\n\n<ul class=\"wp-block-list\">\n<li>soutenus financi\u00e8rement avec un maximum de 3 000 \u20ac allou\u00e9s par projet.<br>L&rsquo;annonce de l&rsquo;attribution de la subvention est pr\u00e9vue pour septembre 2025, apr\u00e8s<br>l&rsquo;ach\u00e8vement des trois activit\u00e9s susmentionn\u00e9es.<\/li>\n\n\n\n<li>pr\u00e9sent\u00e9s au public \u00e0 Marseille, en France, en mai 2026.<\/li>\n<\/ul>\n\n\n\n<div style=\"height:69px\" aria-hidden=\"true\" class=\"wp-block-spacer\"><\/div>\n\n\n\n<h2 class=\"wp-block-heading has-text-align-center\">Th\u00e9matique de cette session <em>R\u00e9sister \u00e0 la r\u00e9signation<\/em><\/h2>\n\n\n\n<div style=\"height:50px\" aria-hidden=\"true\" class=\"wp-block-spacer\"><\/div>\n\n\n\n<p>L&rsquo;humanit\u00e9 a travers\u00e9 d&rsquo;innombrables \u00e9preuves au cours des derni\u00e8res d\u00e9cennies, et l&rsquo;ann\u00e9e \u00e9coul\u00e9e s&rsquo;est r\u00e9v\u00e9l\u00e9e particuli\u00e8rement d\u00e9vastatrice. Les guerres g\u00e9nocidaires en cours \u00e0 Gaza et au Soudan, les guerres d\u00e9vastatrices au Liban, la guerre prolong\u00e9e en Syrie, l&rsquo;invasion continue de l&rsquo;Ukraine et d&rsquo;autres crises \u00e0 travers le monde, avec que la perte tragique de vies humaines, ont laiss\u00e9 une empreinte profonde sur notre conscience collective. L&rsquo;ann\u00e9e 2024 a \u00e9t\u00e9 marqu\u00e9e par une escalade de la violence, une instabilit\u00e9 politique croissante et l&rsquo;aggravation des crises humanitaires, mettant \u00e0 rude \u00e9preuve notre<br>capacit\u00e9 \u00e0 pr\u00e9server notre sant\u00e9 mentale et notre coh\u00e9sion. L&rsquo;instabilit\u00e9 politique dans la sous-r\u00e9gion sud de la m\u00e9diterran\u00e9e, avec la consolidation de r\u00e9gimes autocratiques et oppressifs, exacerbe encore le sentiment d&rsquo;impuissance. Dans le m\u00eame temps, la mont\u00e9e des r\u00e9gimes illib\u00e9raux et la normalisation des discours d&rsquo;extr\u00eame droite et hostiles aux droits fondamentaux en Europe remettent de plus en plus en question les valeurs d\u00e9mocratiques et les droits humains.<\/p>\n\n\n\n<p>Dans ce contexte, un appel \u00e0 r\u00e9sister \u00e0 la r\u00e9signation pourrait-il nous inciter \u00e0 <strong>imaginer des futurs o\u00f9 la dignit\u00e9, la justice et la libert\u00e9 ne seraient pas seulement des id\u00e9aux, mais aussi des r\u00e9alit\u00e9s tangibles ?<\/strong><br>R\u00e9sister \u00e0 la r\u00e9signation juxtapose d\u00e9lib\u00e9r\u00e9ment deux p\u00f4les oppos\u00e9s : la r\u00e9signation qui implique l&rsquo;acceptation passive de circonstances difficiles, et la r\u00e9sistance, qui sugg\u00e8re le refus de se laisser fa\u00e7onner par des forces ext\u00e9rieures. Ces deux forces ne s&rsquo;excluent pas mutuellement ; elles peuvent coexister au sein de l&rsquo;exp\u00e9rience humaine. <strong>Dans le contexte actuel, ce dialogue entre r\u00e9signation et r\u00e9sistance rev\u00eat une signification profonde, en particulier face aux d\u00e9fis politiques, sociaux et environnementaux.<\/strong><\/p>\n\n\n\n<p>Comment la r\u00e9sistance \u00e0 la r\u00e9signation ouvre-t-elle de nouvelles possibilit\u00e9s face \u00e0 l&rsquo;adversit\u00e9 ?<br>La r\u00e9signation appara\u00eet parfois comme un m\u00e9canisme d&rsquo;adaptation en r\u00e9ponse \u00e0 des \u00e9preuves accablantes. Elle nous permet de fonctionner au milieu du chaos, mais au prix de l\u2019\u00e9touffement de notre espoir et de notre imagination. La r\u00e9sistance, en revanche, est un acte de d\u00e9fi qui ravive notre capacit\u00e9 \u00e0 r\u00eaver, \u00e0 cr\u00e9er et \u00e0 agir. Dans le domaine de l&rsquo;esprit, la tension entre l\u2019intellect et l\u2019imagination peut faire \u00e9merger une r\u00e9sistance au changement ou \u00e0 la compr\u00e9hension. <br>Ainsi, loin d&rsquo;\u00eatre un acte d&rsquo;\u00e9vasion, imaginer et th\u00e9oriser de nouvelles possibilit\u00e9s est un geste radical qui d\u00e9fie le d\u00e9sespoir. Cela nous permet d&rsquo;envisager d&rsquo;autres fa\u00e7ons d&rsquo;\u00eatre, de penser et de ressentir, en cr\u00e9ant des espaces int\u00e9rieurs o\u00f9 l&rsquo;espoir peut exister, m\u00eame en l&rsquo;absence de changement ext\u00e9rieur. <strong>R\u00e9sister \u00e0 la r\u00e9signation, c&rsquo;est donc refuser de laisser le poids du monde nous priver de notre capacit\u00e9 \u00e0 r\u00eaver et \u00e0 agir<\/strong>.<br><\/p>\n\n\n\n<p>L&rsquo;opposition binaire entre la r\u00e9sistance et la r\u00e9signation n&rsquo;est pas une simplification qui pr\u00e9senterait l&rsquo;une comme vertueuse et l&rsquo;autre comme passive, mais plut\u00f4t une invitation \u00e0 explorer et \u00e0 interroger les tensions sous-jacentes, les d\u00e9s\u00e9quilibres, les connexions et les moments de rupture entre ces deux forces. Elle nous invite \u00e0 examiner les complexit\u00e9s et les nuances de nos r\u00e9ponses \u00e0 l&rsquo;adversit\u00e9, en reconnaissant que la r\u00e9signation et la r\u00e9sistance peuvent coexister, \u00e9voluer et s&rsquo;influencer mutuellement de mani\u00e8re \u00e0 remettre en question nos perceptions et nos actions. <strong>Comment pouvons-nous saisir la complexit\u00e9 de ces deux forces, en reconnaissant qu&rsquo;elles ne sont pas absolues, mais qu&rsquo;elles \u00e9voluent et fa\u00e7onnent nos actions au fil du temps ?<\/strong><br><\/p>\n\n\n\n<p>Les arts et la cr\u00e9ation de contenu peuvent jouer un r\u00f4le majeur dans le soutien et la promotion des droits humains parmi les jeunes, dans un contexte de d\u00e9clin massif des libert\u00e9s. Le travail artistique et la cr\u00e9ation de contenu ont le pouvoir de <strong>remettre en question les r\u00e9cits dominants <\/strong>et d&rsquo;inspirer la pens\u00e9e critique, permettant aux individus, en particulier aux jeunes, d&rsquo;envisager des futurs alternatifs. Ainsi, les arts et la cr\u00e9ation de contenu deviennent des forces vitales dans la formation d&rsquo;un imaginaire collectif.<br><\/p>\n\n\n\n<p><strong>Le projet Tae\u2019thir vise \u00e0 r\u00e9pondre au manque d&rsquo;espaces physiques et virtuels de dialogue et de cr\u00e9ation <\/strong>en encourageant la promotion d&rsquo;une culture des droits humains en M\u00e9diterran\u00e9e \u00e0 travers les pratiques artistiques et num\u00e9riques des jeunes. Les formes d&rsquo;art contemporain et la cr\u00e9ation de contenu num\u00e9rique sont des moyens dynamiques pour explorer, interpr\u00e9ter et communiquer les complexit\u00e9s de <em>R\u00e9sister \u00e0 la r\u00e9signation<\/em>. Ce th\u00e8me invite les participant.e.s \u00e0 r\u00e9fl\u00e9chir \u00e0 la mani\u00e8re dont leurs pratiques cr\u00e9atives peuvent lutter contre la r\u00e9signation et nourrir la r\u00e9sistance, en encourageant l&rsquo;espoir<br>collectif dans le processus. Ce d\u00e9sir d&rsquo;aspirer collectivement au changement et cette confiance dans le pouvoir que les artistes et les cr\u00e9ateur.rice.s de contenus num\u00e9riques peuvent avoir pour promouvoir les principes des droits humains, malgr\u00e9 le contexte actuel de notre r\u00e9gion m\u00e9diterran\u00e9enne, repr\u00e9sentent la lueur d&rsquo;espoir autour de laquelle s&rsquo;articule notre projet Tae&rsquo;thir.<br><\/p>\n\n\n\n<p>Nous examinerons le th\u00e8me <em>R\u00e9sister \u00e0 la r\u00e9signation<\/em> sous diff\u00e9rents angles :<\/p>\n\n\n\n<ul class=\"wp-block-list\">\n<li>L&rsquo;art et la cr\u00e9ation de contenu peuvent-ils cr\u00e9er des \u00ab espaces impossibles \u00bb qui d\u00e9fient les lois de la r\u00e9alit\u00e9 ? Comment ces espaces peuvent-ils devenir des havres d&rsquo;espoir et d&rsquo;action ?<\/li>\n\n\n\n<li>Comment des \u00e9motions telles que la tristesse, la col\u00e8re ou l&rsquo;amour peuvent-elles d\u00e9clencher une r\u00e9sistance collective ? Comment l&rsquo;art et la cr\u00e9ation de contenu peuvent-ils rediriger ces \u00e9motions pour qu&rsquo;elles deviennent des catalyseurs de changement plut\u00f4t que des voies vers la r\u00e9signation ?<\/li>\n\n\n\n<li>Quel r\u00f4le les artistes et les cr\u00e9ateur\u00b7rices de contenus jouent-ils dans la soci\u00e9t\u00e9, compte tenu de leur propension inh\u00e9rente \u00e0 soulever des questions issues de leurs propres interrogations ? De m\u00eame, quelle est l&rsquo;importance de l&rsquo;art et de la cr\u00e9ation de contenu dans la soci\u00e9t\u00e9 ? Comment pouvons-nous constamment interroger le statut de l&rsquo;\u0153uvre d&rsquo;art, le r\u00f4le de l&rsquo;artiste et la position de l&rsquo;art dans notre cadre soci\u00e9tal ?<\/li>\n<\/ul>\n\n\n\n<div style=\"height:50px\" aria-hidden=\"true\" class=\"wp-block-spacer\"><\/div>\n\n\n<div class=\"wp-block-image\">\n<figure class=\"aligncenter size-full is-resized\"><a href=\"https:\/\/www.instantsvideo.com\/blog\/wp-content\/uploads\/2023\/11\/Capture-decran-2023-11-02-a-10.52.52.png\"><img loading=\"lazy\" decoding=\"async\" width=\"661\" height=\"566\" src=\"https:\/\/www.instantsvideo.com\/blog\/wp-content\/uploads\/2023\/11\/Capture-decran-2023-11-02-a-10.52.52.png\" alt=\"\" class=\"wp-image-12015\" style=\"width:661px;height:auto\" srcset=\"https:\/\/www.instantsvideo.com\/blog\/wp-content\/uploads\/2023\/11\/Capture-decran-2023-11-02-a-10.52.52.png 661w, https:\/\/www.instantsvideo.com\/blog\/wp-content\/uploads\/2023\/11\/Capture-decran-2023-11-02-a-10.52.52-300x257.png 300w, https:\/\/www.instantsvideo.com\/blog\/wp-content\/uploads\/2023\/11\/Capture-decran-2023-11-02-a-10.52.52-480x411.png 480w\" sizes=\"auto, (max-width: 661px) 100vw, 661px\" \/><\/a><\/figure>\n<\/div>\n\n\n<div style=\"height:62px\" aria-hidden=\"true\" class=\"wp-block-spacer\"><\/div>\n\n\n\n<h2 class=\"wp-block-heading has-text-align-center\">Comment candidater<\/h2>\n\n\n\n<p class=\"has-vivid-purple-color has-text-color has-link-color wp-elements-2498822a4d359ea9c5d230cb4dc7c0ef\"><a href=\"https:\/\/docs.google.com\/forms\/d\/e\/1FAIpQLSf4Uzpi_ujKdwcgWbjN8VXF4WVOiv6-Kq-Y63H3QFKRp_Gk6A\/viewform\" data-type=\"link\" data-id=\"https:\/\/docs.google.com\/forms\/d\/e\/1FAIpQLSf4Uzpi_ujKdwcgWbjN8VXF4WVOiv6-Kq-Y63H3QFKRp_Gk6A\/viewform\" target=\"_blank\" rel=\"noreferrer noopener\"><strong>Formulaire de candidature<\/strong><\/a><\/p>\n\n\n<div class=\"wp-block-image\">\n<figure class=\"aligncenter size-large is-resized\"><a href=\"https:\/\/www.instantsvideo.com\/blog\/wp-content\/uploads\/2024\/12\/Capture-decran-2024-12-09-a-13.37.10.jpg\"><img loading=\"lazy\" decoding=\"async\" width=\"946\" height=\"1024\" src=\"https:\/\/www.instantsvideo.com\/blog\/wp-content\/uploads\/2024\/12\/Capture-decran-2024-12-09-a-13.37.10-946x1024.jpg\" alt=\"\" class=\"wp-image-14404\" style=\"width:727px;height:auto\" srcset=\"https:\/\/www.instantsvideo.com\/blog\/wp-content\/uploads\/2024\/12\/Capture-decran-2024-12-09-a-13.37.10-946x1024.jpg 946w, https:\/\/www.instantsvideo.com\/blog\/wp-content\/uploads\/2024\/12\/Capture-decran-2024-12-09-a-13.37.10-277x300.jpg 277w, https:\/\/www.instantsvideo.com\/blog\/wp-content\/uploads\/2024\/12\/Capture-decran-2024-12-09-a-13.37.10-768x831.jpg 768w, https:\/\/www.instantsvideo.com\/blog\/wp-content\/uploads\/2024\/12\/Capture-decran-2024-12-09-a-13.37.10-480x520.jpg 480w, https:\/\/www.instantsvideo.com\/blog\/wp-content\/uploads\/2024\/12\/Capture-decran-2024-12-09-a-13.37.10.jpg 1116w\" sizes=\"auto, (max-width: 946px) 100vw, 946px\" \/><\/a><\/figure>\n<\/div>\n\n\n<div style=\"height:100px\" aria-hidden=\"true\" class=\"wp-block-spacer\"><\/div>\n","protected":false},"excerpt":{"rendered":"<p>L&rsquo;appel est maintenant clos<\/p>\n","protected":false},"author":9,"featured_media":14408,"comment_status":"open","ping_status":"closed","sticky":false,"template":"","format":"standard","meta":{"footnotes":""},"categories":[1,410],"tags":[],"class_list":["post-14381","post","type-post","status-publish","format-standard","has-post-thumbnail","hentry","category-non-classe","category-projet-taethir"],"_links":{"self":[{"href":"https:\/\/www.instantsvideo.com\/blog\/wp-json\/wp\/v2\/posts\/14381","targetHints":{"allow":["GET"]}}],"collection":[{"href":"https:\/\/www.instantsvideo.com\/blog\/wp-json\/wp\/v2\/posts"}],"about":[{"href":"https:\/\/www.instantsvideo.com\/blog\/wp-json\/wp\/v2\/types\/post"}],"author":[{"embeddable":true,"href":"https:\/\/www.instantsvideo.com\/blog\/wp-json\/wp\/v2\/users\/9"}],"replies":[{"embeddable":true,"href":"https:\/\/www.instantsvideo.com\/blog\/wp-json\/wp\/v2\/comments?post=14381"}],"version-history":[{"count":14,"href":"https:\/\/www.instantsvideo.com\/blog\/wp-json\/wp\/v2\/posts\/14381\/revisions"}],"predecessor-version":[{"id":14507,"href":"https:\/\/www.instantsvideo.com\/blog\/wp-json\/wp\/v2\/posts\/14381\/revisions\/14507"}],"wp:featuredmedia":[{"embeddable":true,"href":"https:\/\/www.instantsvideo.com\/blog\/wp-json\/wp\/v2\/media\/14408"}],"wp:attachment":[{"href":"https:\/\/www.instantsvideo.com\/blog\/wp-json\/wp\/v2\/media?parent=14381"}],"wp:term":[{"taxonomy":"category","embeddable":true,"href":"https:\/\/www.instantsvideo.com\/blog\/wp-json\/wp\/v2\/categories?post=14381"},{"taxonomy":"post_tag","embeddable":true,"href":"https:\/\/www.instantsvideo.com\/blog\/wp-json\/wp\/v2\/tags?post=14381"}],"curies":[{"name":"wp","href":"https:\/\/api.w.org\/{rel}","templated":true}]}}