{"id":13668,"date":"2024-08-29T13:04:15","date_gmt":"2024-08-29T12:04:15","guid":{"rendered":"https:\/\/www.instantsvideo.com\/blog\/?p=13668"},"modified":"2024-08-29T13:04:17","modified_gmt":"2024-08-29T12:04:17","slug":"festival-2024-editorial","status":"publish","type":"post","link":"https:\/\/www.instantsvideo.com\/blog\/2024\/08\/festival-2024-editorial\/","title":{"rendered":"FESTIVAL 2024 : \u00c9ditorial"},"content":{"rendered":"\n<h2 class=\"wp-block-heading has-text-align-center\">Car de quoi vit l\u2019humain&nbsp;?<\/h2>\n\n\n\n<p><strong>2024<\/strong><br>Le portrait cinglant de l\u2019\u00eatre humain que Bertolt Brecht dresse dans son\u00a0<em>Op\u00e9ra de quat\u2019sous<\/em>\u00a0en\u00a01928\u00a0reste tristement actuel\u00a0: une soci\u00e9t\u00e9 de discriminations, de classes herm\u00e9tiques,\u00a0de magouilles et d\u2019hypocrisies,\u00a0o\u00f9 les injustices\u00a0sont\u00a0pr\u00e9sentes \u00e0 tous les niveaux.<br>Ou\u00a0encore,\u00a0la\u00a0mont\u00e9e des extr\u00eames droites en Europe,\u00a0des dictatures dans le monde,\u00a0<strong>Gaza<\/strong>.<\/p>\n\n\n\n<p><em>Mme Peachum<\/em>&nbsp;aurait&nbsp;donc encore&nbsp;raison&nbsp;aujourd\u2019hui&nbsp;lorsqu\u2019elle&nbsp;affirme&nbsp;:<br><em>Car de quoi vit l\u2019humain ? Lui qui sans cesse<\/em><br><em>D\u00e9pouille, harc\u00e8le, attaque, \u00e9touffe et bouffe son prochain.<\/em><br><em>Oui, ce qui tient l\u2019humain, c\u2019est qu\u2019il s\u2019empresse<\/em><br><em>D\u2019oublier qu\u2019il est encore un humain<\/em>.<\/p>\n\n\n\n<p>Cette 37e \u00e9dition nous convie \u00e0 fabriquer un festival<strong> foyer de r\u00e9sistance<\/strong> o\u00f9 regarder ensemble, un espace o\u00f9 prendre&nbsp;le temps, de voir, de comparer&nbsp;et&nbsp;de faire compara\u00eetre&nbsp;<strong>les images<\/strong>&nbsp;devant nos regards critiques.<\/p>\n\n\n\n<p><\/p>\n\n\n\n<figure class=\"wp-block-image size-large\"><a href=\"https:\/\/www.instantsvideo.com\/blog\/wp-content\/uploads\/2024\/08\/brecht2.jpg\"><img loading=\"lazy\" decoding=\"async\" width=\"1024\" height=\"299\" src=\"https:\/\/www.instantsvideo.com\/blog\/wp-content\/uploads\/2024\/08\/brecht2-1024x299.jpg\" alt=\"\" class=\"wp-image-13361\" srcset=\"https:\/\/www.instantsvideo.com\/blog\/wp-content\/uploads\/2024\/08\/brecht2-1024x299.jpg 1024w, https:\/\/www.instantsvideo.com\/blog\/wp-content\/uploads\/2024\/08\/brecht2-300x88.jpg 300w, https:\/\/www.instantsvideo.com\/blog\/wp-content\/uploads\/2024\/08\/brecht2-768x224.jpg 768w, https:\/\/www.instantsvideo.com\/blog\/wp-content\/uploads\/2024\/08\/brecht2-480x140.jpg 480w, https:\/\/www.instantsvideo.com\/blog\/wp-content\/uploads\/2024\/08\/brecht2.jpg 1440w\" sizes=\"auto, (max-width: 1024px) 100vw, 1024px\" \/><\/a><figcaption class=\"wp-element-caption\"><sup>Th\u00e9\u00e2tre du Peuple de Bussang &#8211; Adaptation de Vincent Goethals 2015<\/sup><\/figcaption><\/figure>\n\n\n\n<p><\/p>\n\n\n\n<p>Face aux flux d\u2019images qui fabriquent de l\u2019ignorance et de l\u2019oubli, qui nourrissent nos peurs,&nbsp;les&nbsp;\u0153uvres pr\u00e9sent\u00e9es&nbsp;vont nous accompagner,&nbsp;parfois&nbsp;avec&nbsp;l\u00e9g\u00e8ret\u00e9,&nbsp;souvent&nbsp;avec po\u00e9sie,&nbsp;toujours&nbsp;avec&nbsp;la distance n\u00e9cessaire pour nous permettre d\u2019<strong>activer une r\u00e9flexion, une pens\u00e9e <\/strong>contre la t\u00e9tanie et le lamento.&nbsp;<\/p>\n\n\n\n<p>Certaines \u0153uvres prendront des&nbsp;chemins de traverse pour&nbsp;<strong>combattre&nbsp;la censure et&nbsp;exister<\/strong>.&nbsp;Malgr\u00e9 tout.<\/p>\n\n\n\n<p>D\u2019autres seront <strong>d\u00e9log\u00e9es&nbsp;des lieux&nbsp;conventionnels<\/strong>&nbsp;pour \u00eatre&nbsp;install\u00e9es&nbsp;dans&nbsp;des espaces de&nbsp;la vie&nbsp;politique et sociale, \u00e0&nbsp;l\u2019\u00e9cole primaire, \u00e0 l\u2019universit\u00e9, dans des structures sant\u00e9\/sociale&nbsp;ou&nbsp;dans un restaurant.&nbsp;<\/p>\n\n\n\n<p>Le festival prendra aussi position comme <em><strong>Mus\u00e9e de solidarit\u00e9 <\/strong><\/em>et abritera la 8e biennale palestinienne&nbsp;\/si:n\/contrainte \u00e0 l\u2019exil.&nbsp;<em>Dans un geste&nbsp;po\u00e9litique,&nbsp;les artistes lui ont offert leurs oeuvres.<\/em><\/p>\n\n\n\n<p>Enfin, nous&nbsp;interrogerons&nbsp;les&nbsp;nouveaux espaces de rencontre et de dialogue, entre <strong>cr\u00e9ation et droits humains<\/strong>, qu\u2019explorent&nbsp;de&nbsp;jeunes&nbsp;artistes et cr\u00e9ateur.ice.s&nbsp;de contenus&nbsp;du pourtour de la&nbsp;M\u00e9diterran\u00e9e&nbsp;venu.e.s nous rejoindre<em>.<\/em><\/p>\n\n\n\n<p>Chemin faisant, avec&nbsp;le<strong> po\u00e8te \u00e9lectronique&nbsp;Michel Jaffrennou<\/strong>, nous remonterons <strong>aux sources de l\u2019art vid\u00e9o<\/strong>, un art&nbsp;qui&nbsp;a&nbsp;su mettre&nbsp;en avant, entre autres, l&rsquo;espi\u00e8glerie, la simplicit\u00e9, l&rsquo;internationalisme, l&rsquo;inter-m\u00e9dia, l&rsquo;\u00e9ph\u00e9m\u00e8re&nbsp;(performance)&nbsp;et l&rsquo;unit\u00e9 de l&rsquo;art et de la vie quotidienne.&nbsp;<\/p>\n\n\n\n<p>L\u2019art vid\u00e9o est un&nbsp;art&nbsp;hybride,&nbsp;c\u2019est peut-\u00eatre ce que l\u2019humain a&nbsp;de&nbsp;commun avec lui.&nbsp;L\u2019humain en ce qu\u2019il&nbsp;c\u00e9l\u00e8bre la <strong>cr\u00e9olisation<\/strong>&nbsp;(\u00c9douard Glissant)&nbsp;\u00ab&nbsp;*ce&nbsp;processus de&nbsp;mise en contact des diff\u00e9rences, lesquelles ne cessent d\u2019\u00e9changer et de se m\u00e9tamorphoser&nbsp;\u00bb.&nbsp;<br>N\u2019est-ce&nbsp;pas&nbsp;de cela que&nbsp;VIT&nbsp;l\u2019humain&nbsp;?&nbsp;Des individus&nbsp;en pleine conscience de&nbsp;leur&nbsp;d\u00e9pendance et interd\u00e9pendance mutuelle,&nbsp;qui&nbsp;oeuvrent \u00e0&nbsp;une \u00ab&nbsp;*<strong>une&nbsp;transformation archip\u00e9lique des humanit\u00e9s<\/strong>&nbsp;\u00bb<\/p>\n\n\n\n<p class=\"has-small-font-size\"><em>(<\/em><em>*<\/em><em>extrait de \u00ab Le paradigme de l\u2019archipel \u00bb, in Archipels Glissant, sous la direction de Fran\u00e7ois Noudelmann, Fran\u00e7oise Simasotchi-Bron\u00e8s, Yann Toma<\/em><em>)<\/em><\/p>\n\n\n\n<div style=\"height:100px\" aria-hidden=\"true\" class=\"wp-block-spacer\"><\/div>\n","protected":false},"excerpt":{"rendered":"<p>Car de quoi vit l\u2019humain\u00a0?<\/p>\n","protected":false},"author":9,"featured_media":13669,"comment_status":"open","ping_status":"closed","sticky":false,"template":"","format":"standard","meta":{"footnotes":""},"categories":[432],"tags":[],"class_list":["post-13668","post","type-post","status-publish","format-standard","has-post-thumbnail","hentry","category-festival-2024"],"_links":{"self":[{"href":"https:\/\/www.instantsvideo.com\/blog\/wp-json\/wp\/v2\/posts\/13668","targetHints":{"allow":["GET"]}}],"collection":[{"href":"https:\/\/www.instantsvideo.com\/blog\/wp-json\/wp\/v2\/posts"}],"about":[{"href":"https:\/\/www.instantsvideo.com\/blog\/wp-json\/wp\/v2\/types\/post"}],"author":[{"embeddable":true,"href":"https:\/\/www.instantsvideo.com\/blog\/wp-json\/wp\/v2\/users\/9"}],"replies":[{"embeddable":true,"href":"https:\/\/www.instantsvideo.com\/blog\/wp-json\/wp\/v2\/comments?post=13668"}],"version-history":[{"count":1,"href":"https:\/\/www.instantsvideo.com\/blog\/wp-json\/wp\/v2\/posts\/13668\/revisions"}],"predecessor-version":[{"id":13670,"href":"https:\/\/www.instantsvideo.com\/blog\/wp-json\/wp\/v2\/posts\/13668\/revisions\/13670"}],"wp:featuredmedia":[{"embeddable":true,"href":"https:\/\/www.instantsvideo.com\/blog\/wp-json\/wp\/v2\/media\/13669"}],"wp:attachment":[{"href":"https:\/\/www.instantsvideo.com\/blog\/wp-json\/wp\/v2\/media?parent=13668"}],"wp:term":[{"taxonomy":"category","embeddable":true,"href":"https:\/\/www.instantsvideo.com\/blog\/wp-json\/wp\/v2\/categories?post=13668"},{"taxonomy":"post_tag","embeddable":true,"href":"https:\/\/www.instantsvideo.com\/blog\/wp-json\/wp\/v2\/tags?post=13668"}],"curies":[{"name":"wp","href":"https:\/\/api.w.org\/{rel}","templated":true}]}}