{"id":13299,"date":"2024-08-21T20:58:28","date_gmt":"2024-08-21T19:58:28","guid":{"rendered":"https:\/\/www.instantsvideo.com\/blog\/?p=13299"},"modified":"2024-09-09T14:23:38","modified_gmt":"2024-09-09T13:23:38","slug":"le-festival-2024infos-remerciements","status":"publish","type":"post","link":"https:\/\/www.instantsvideo.com\/blog\/2024\/08\/le-festival-2024infos-remerciements\/","title":{"rendered":"<small>Le festival 2024<\/small><br>Informations pratiques"},"content":{"rendered":"\n<div style=\"height:52px\" aria-hidden=\"true\" class=\"wp-block-spacer\"><\/div>\n\n\n\n<h2 class=\"wp-block-heading has-text-align-center\">Car de quoi vit l&rsquo;humain ?<\/h2>\n\n\n\n<div style=\"height:47px\" aria-hidden=\"true\" class=\"wp-block-spacer\"><\/div>\n\n\n\n<p class=\"has-text-align-center\"><strong>134&nbsp;\u0153uvres,&nbsp;r\u00e9alis\u00e9es par 146&nbsp;artistes&nbsp;issu.e.s de&nbsp;38&nbsp;pays<\/strong><em>&nbsp;<\/em><br><em>Allemagne,&nbsp;Argentine, Australie, Autriche,&nbsp;Belgique,<strong>&nbsp;<\/strong>Canada,&nbsp;Chili,&nbsp;Colombie, Chine,&nbsp;Egypte, Espagne,&nbsp;Estonie,&nbsp;\u00c9tats-Unis,&nbsp;Finlande, France,<strong>&nbsp;<\/strong>Gr\u00e8ce,<strong>&nbsp;<\/strong>Hong Kong,&nbsp;Iran,&nbsp;Irlande, Italie,<strong>&nbsp;<\/strong>Japon,&nbsp;Liban,Lituanie,&nbsp;Mexique,&nbsp;Palestine,&nbsp;Pays-Bas,&nbsp;Pologne,&nbsp;Portugal,&nbsp;Royaume-Uni,&nbsp;Russie, Serbie,&nbsp;Slov\u00e9nie,Su\u00e8de,Tunisie,Turquie,&nbsp;Ukraine<\/em><\/p>\n\n\n\n<div style=\"height:51px\" aria-hidden=\"true\" class=\"wp-block-spacer\"><\/div>\n\n\n\n<p>Le&nbsp;festival&nbsp;se d\u00e9ploie&nbsp;entre le&nbsp;<strong>07&nbsp;octobre&nbsp;et le&nbsp;25&nbsp;novembre&nbsp;2024<\/strong> (19 janvier 2025 pour l\u2019exposition \u00e0 la Friche) de Marseille&nbsp;\u00e0 l\u2019international&nbsp;: art vid\u00e9o, installations, performances, po\u00e9sie \u00e9lectronique, musique.<\/p>\n\n\n\n<p>Les&nbsp;<strong><em>Rencontres internationales<\/em><\/strong> se d\u00e9roulent \u00e0 la Friche la Belle de Mai \u00e0 Marseille, du 17&nbsp;au 20&nbsp;octobre 2024. Il&nbsp;s\u2019agit de proposer dans un \u00e9crin d\u2019hospitalit\u00e9, une immersion de 4 jours de&nbsp;projections, de performances, po\u00e9sie \u00e9lectronique, de rencontres&nbsp;et d\u2019\u00e9changes&nbsp;et&nbsp;d\u2019explorer ensemble la question-titre de l\u2019\u00e9dition&nbsp;<em>Car de quoi vit l\u2019humain&nbsp;?<\/em>.<\/p>\n\n\n\n<figure class=\"wp-block-image size-large\"><a href=\"https:\/\/www.instantsvideo.com\/blog\/wp-content\/uploads\/2024\/08\/salle.jpg\"><img loading=\"lazy\" decoding=\"async\" width=\"1024\" height=\"299\" src=\"https:\/\/www.instantsvideo.com\/blog\/wp-content\/uploads\/2024\/08\/salle-1024x299.jpg\" alt=\"\" class=\"wp-image-13351\" srcset=\"https:\/\/www.instantsvideo.com\/blog\/wp-content\/uploads\/2024\/08\/salle-1024x299.jpg 1024w, https:\/\/www.instantsvideo.com\/blog\/wp-content\/uploads\/2024\/08\/salle-300x88.jpg 300w, https:\/\/www.instantsvideo.com\/blog\/wp-content\/uploads\/2024\/08\/salle-768x224.jpg 768w, https:\/\/www.instantsvideo.com\/blog\/wp-content\/uploads\/2024\/08\/salle-480x140.jpg 480w, https:\/\/www.instantsvideo.com\/blog\/wp-content\/uploads\/2024\/08\/salle.jpg 1440w\" sizes=\"auto, (max-width: 1024px) 100vw, 1024px\" \/><\/a><figcaption class=\"wp-element-caption\">Salle Seita<\/figcaption><\/figure>\n\n\n\n<div style=\"height:61px\" aria-hidden=\"true\" class=\"wp-block-spacer\"><\/div>\n\n\n\n<h2 class=\"wp-block-heading\">Marseille et Aix en Provence<\/h2>\n\n\n\n<ul class=\"wp-block-list\">\n<li>7 -&gt; 18&nbsp;octobre :&nbsp;<strong><em>Galeries populaires \u00e9ph\u00e9m\u00e8res<\/em><\/strong> (GPE) avec 3&nbsp;\u00e9coles primaires&nbsp;(Cadenat, St Just Corot, R\u00e9volution&nbsp;Vaillant) (r\u00e9serv\u00e9 aux scolaires)<\/li>\n\n\n\n<li>8 octobre&nbsp;:&nbsp;<strong>&nbsp;<\/strong>Universit\u00e9&nbsp;Aix Marseille, D\u00e9partement arts&nbsp;<em><strong>Turbulence<\/strong><\/em>,&nbsp;rencontre avec les \u00e9tudiant.e.s,&nbsp;vernissage&nbsp;puis projection (17h)<\/li>\n\n\n\n<li>8&nbsp;-&gt; 18&nbsp;octobre :&nbsp;<em><strong>Turbulence<\/strong><\/em>, exposition hommage \u00e0 <strong>Michel Jaffrennou<\/strong>,&nbsp;Universit\u00e9&nbsp;Aix Marseille&nbsp;(sur r\u00e9servation)<\/li>\n\n\n\n<li>15&nbsp;-&gt; 20&nbsp;octobre&nbsp;:&nbsp;GPE&nbsp;pour 1 installation au&nbsp;Restaurant<strong>&nbsp;<em>Les Grandes Tables de la Friche<\/em><\/strong><\/li>\n\n\n\n<li>15&nbsp;-&gt;&nbsp;31&nbsp;octobre :&nbsp;<em>Galeries populaires \u00e9ph\u00e9m\u00e8res&nbsp;<\/em>(GPE)<em>&nbsp;<\/em>avec 2 expositions \u00e0 l\u2019<strong>ADPEI<\/strong>&nbsp;et&nbsp;<strong>Espoir Provence<\/strong><\/li>\n\n\n\n<li>17&nbsp;-&gt; 20&nbsp;octobre&nbsp;: <strong>Friche la Belle de Mai<\/strong> pour 4 jours de projections, rencontres, performances<\/li>\n\n\n\n<li>18&nbsp;octobre 2023 -&gt;&nbsp;&nbsp;19&nbsp;janvier 2024&nbsp;: exposition Friche la Belle de Mai<\/li>\n\n\n\n<li>30&nbsp;octobre&nbsp;(18h)&nbsp;:<strong> Ecole Sup\u00e9rieure d\u2019Art d\u2019Aix<\/strong> en Provence&nbsp;pour une projection<\/li>\n\n\n\n<li>9 novembre (20h)&nbsp;: <em><strong>Gardanne Action Cin\u00e9ma<\/strong><\/em> pour 1 projection&nbsp;<\/li>\n\n\n\n<li>14 novembre&nbsp;(20h)&nbsp;: <strong>Cin\u00e9ma&nbsp;<em>Videodrome<\/em><\/strong><em> 2<\/em>&nbsp;pour&nbsp;1&nbsp;projection&nbsp;<\/li>\n\n\n\n<li>Novembre&nbsp;(date \u00e0 pr\u00e9ciser)&nbsp;: <strong>Cin\u00e9ma&nbsp;Cin\u00e9matographe<\/strong>,&nbsp;Chateau-Arnoux\/Saint-Auban<\/li>\n\n\n\n<li>25&nbsp;novembre :&nbsp;<em><strong>J\u2019crains d\u00e9gun<\/strong><\/em>, un projection rencontre&nbsp;atelier&nbsp;pour la J<em>ourn\u00e9e internationale pour l\u2019\u00e9limination de la violence \u00e0 l\u2019\u00e9gard des femmes<\/em> (r\u00e9serv\u00e9 aux scolaires)<\/li>\n<\/ul>\n\n\n\n<div class=\"wp-block-buttons is-layout-flex wp-block-buttons-is-layout-flex\">\n<div class=\"wp-block-button\"><a class=\"wp-block-button__link has-vivid-red-background-color has-background wp-element-button\" href=\"https:\/\/www.instantsvideo.com\/blog\/wp-content\/uploads\/2024\/09\/depliantIV2024.pdf\">D\u00c9PLIANT<\/a><\/div>\n<\/div>\n\n\n\n<div style=\"height:54px\" aria-hidden=\"true\" class=\"wp-block-spacer\"><\/div>\n\n\n\n<h2 class=\"wp-block-heading\">Nos amiti\u00e9s videopo\u00e9tiques nous entraineront&nbsp;aussi&nbsp;\u00e0 l\u2019international<strong>&nbsp;<\/strong><\/h2>\n\n\n\n<ul class=\"wp-block-list\">\n<li>17&nbsp;octobre \u2192&nbsp;1<sup>er&nbsp;<\/sup>novembre&nbsp;: [.BOX] <em><strong>Videoart project space<\/strong><\/em> \u00e0 Milan (<strong>Italie<\/strong>) pour une projection &#8211; installation<\/li>\n\n\n\n<li>17&nbsp;octobre -&gt; 20&nbsp;novembre&nbsp;: <strong>Visualcontainer TV<\/strong> (<strong>Italie<\/strong>) pour une diffusion en boucle 24h\/24<\/li>\n\n\n\n<li>17&nbsp;octobre -&gt; 20&nbsp;novembre&nbsp;(en&nbsp;ligne)&nbsp;:&nbsp;<strong>Aknoon art Gallery &amp; Safavi Museum<\/strong>, Ispahan (<strong>Iran<\/strong>)<\/li>\n<\/ul>\n\n\n\n<figure class=\"wp-block-image size-large\"><a href=\"https:\/\/www.instantsvideo.com\/blog\/wp-content\/uploads\/2024\/08\/exterieur.jpg\"><img loading=\"lazy\" decoding=\"async\" width=\"1024\" height=\"299\" src=\"https:\/\/www.instantsvideo.com\/blog\/wp-content\/uploads\/2024\/08\/exterieur-1024x299.jpg\" alt=\"\" class=\"wp-image-13356\" srcset=\"https:\/\/www.instantsvideo.com\/blog\/wp-content\/uploads\/2024\/08\/exterieur-1024x299.jpg 1024w, https:\/\/www.instantsvideo.com\/blog\/wp-content\/uploads\/2024\/08\/exterieur-300x88.jpg 300w, https:\/\/www.instantsvideo.com\/blog\/wp-content\/uploads\/2024\/08\/exterieur-768x224.jpg 768w, https:\/\/www.instantsvideo.com\/blog\/wp-content\/uploads\/2024\/08\/exterieur-480x140.jpg 480w, https:\/\/www.instantsvideo.com\/blog\/wp-content\/uploads\/2024\/08\/exterieur.jpg 1440w\" sizes=\"auto, (max-width: 1024px) 100vw, 1024px\" \/><\/a><figcaption class=\"wp-element-caption\">Salle Seita (ext\u00e9rieur)<\/figcaption><\/figure>\n\n\n\n<div style=\"height:61px\" aria-hidden=\"true\" class=\"wp-block-spacer\"><\/div>\n\n\n\n<h2 class=\"wp-block-heading\">Attentif \u00e0 l\u2019accueil<\/h2>\n\n\n\n<p>Nous mettons tout en oeuvre pour vous r\u00e9server le meilleur accueil. N\u2019h\u00e9sitez pas \u00e0 prendre contact avec nous afin de pr\u00e9parer votre visite.&nbsp;<\/p>\n\n\n\n<div style=\"height:61px\" aria-hidden=\"true\" class=\"wp-block-spacer\"><\/div>\n\n\n\n<h2 class=\"wp-block-heading\">Avertissement de&nbsp;contenus<\/h2>\n\n\n\n<p>Depuis&nbsp;2023, l\u2019\u00e9quipe&nbsp;a&nbsp;engag\u00e9 un travail sur la question des avertissements de contenus en signalant la pr\u00e9sence de certaines situations (viol, meurtre, g\u00e9nocide, torture, violences conjugales, maltraitances parentales, sexisme, harc\u00e8lement, homophobie, transphobie, racisme, validisme&#8230;)&nbsp;:<\/p>\n\n\n\n<ul class=\"wp-block-list\">\n<li>parce que nous voulons prendre soin de nos spectateur.rice.s<\/li>\n\n\n\n<li>parce ce que nous consid\u00e9rons qu\u2019il est de notre responsabilit\u00e9 en tant qu\u2019organisme culturel de prendre acte des luttes pour la visibilisation et la reconnaissance des oppressions et des violences syst\u00e9miques coloniales, patriarcales et capitalistes&nbsp;<\/li>\n\n\n\n<li>parce ce que nous sommes conscient.e.s que les traumatismes et l\u2019hyper sensibilit\u00e9 ne se commandent pas, et peuvent toucher n\u2019importe qui \u00e0 un moment ou \u00e0 un autre de sa vie<\/li>\n\n\n\n<li>parce que nous savons l\u2019importance de permettre \u00e0 chacun.e de pouvoir choisir, en toute connaissance de cause et en fonction de sa sensibilit\u00e9 et de son \u00e9tat d\u2019esprit du moment, de voir ou non (un film, une installation, etc.)<\/li>\n\n\n\n<li>parce que nous ne voulons pas rester dans l\u2019ignorance de&nbsp;la r\u00e9alit\u00e9 des violences dans le quotidien ou l\u2019histoire personnelle de nombre d\u2019entre nous, et ce que les personnes souffrant de ce genre de troubles peuvent vivre<\/li>\n<\/ul>\n\n\n\n<p>Nous sommes conscient.e.s qu\u2019une telle signal\u00e9tique n\u2019est pas une solution fiable \u00e0 100%, mais c\u2019est un d\u00e9marche b\u00e9n\u00e9fique que nous avons d\u00e9cid\u00e9 de mettre au travail.<\/p>\n\n\n\n<p>Nous serions heureux.se.s de poursuivre la discussion avec vous.<\/p>\n\n\n\n<figure class=\"wp-block-image size-large\"><a href=\"https:\/\/www.instantsvideo.com\/blog\/wp-content\/uploads\/2024\/08\/expo.jpg\"><img loading=\"lazy\" decoding=\"async\" width=\"1024\" height=\"299\" src=\"https:\/\/www.instantsvideo.com\/blog\/wp-content\/uploads\/2024\/08\/expo-1024x299.jpg\" alt=\"\" class=\"wp-image-13353\" srcset=\"https:\/\/www.instantsvideo.com\/blog\/wp-content\/uploads\/2024\/08\/expo-1024x299.jpg 1024w, https:\/\/www.instantsvideo.com\/blog\/wp-content\/uploads\/2024\/08\/expo-300x88.jpg 300w, https:\/\/www.instantsvideo.com\/blog\/wp-content\/uploads\/2024\/08\/expo-768x224.jpg 768w, https:\/\/www.instantsvideo.com\/blog\/wp-content\/uploads\/2024\/08\/expo-480x140.jpg 480w, https:\/\/www.instantsvideo.com\/blog\/wp-content\/uploads\/2024\/08\/expo.jpg 1440w\" sizes=\"auto, (max-width: 1024px) 100vw, 1024px\" \/><\/a><figcaption class=\"wp-element-caption\">Visite guid\u00e9e de l&rsquo;exposition<\/figcaption><\/figure>\n\n\n\n<div style=\"height:61px\" aria-hidden=\"true\" class=\"wp-block-spacer\"><\/div>\n\n\n\n<h2 class=\"wp-block-heading\">Accueil des groupes et visites dialogu\u00e9es&nbsp;(gratuit) <\/h2>\n\n\n\n<p>Du&nbsp;28 octobre 2024 au&nbsp;19&nbsp;janvier 2025,&nbsp;nous proposons de vous accueillir en groupe ou en individuel pour une&nbsp;<em>visite dialogu\u00e9e&nbsp;<\/em>de l\u2019exposition. Ces visites sont une invitation \u00e0 d\u00e9couvrir&nbsp;une s\u00e9lection d\u2019installations vid\u00e9o. La relation \u00e0 l\u2019art vid\u00e9o&nbsp;s\u2019inscrit dans une relation de proximit\u00e9. Ici, le\/la spectateur.rice n\u2019est pas uniquement&nbsp;face \u00e0 un \u00e9cran, mais il\/elle est immerg\u00e9.e dans un espace pluri-dimensionnel et pluri-sensoriel.<\/p>\n\n\n\n<p>Contact :&nbsp;<strong>Tiffanie Taveau&nbsp;:<\/strong>&nbsp;04.95.04.96.24 publics@instantsvideo.com<\/p>\n\n\n\n<div style=\"height:61px\" aria-hidden=\"true\" class=\"wp-block-spacer\"><\/div>\n\n\n\n<h2 class=\"wp-block-heading\">Un festival eco-responsable et solidaire<\/h2>\n\n\n\n<p>L\u2019association&nbsp;est engag\u00e9e&nbsp;depuis&nbsp;2012&nbsp;dans une&nbsp;<strong>d\u00e9marche solidaire et durable se traduisant par&nbsp;<\/strong>un choix de fournisseurs de proximit\u00e9 et responsables, le tri des d\u00e9chets, la r\u00e9duction de l\u2019empreinte environnementale (transports doux ou en commun), une communication raisonn\u00e9e et un imprimeur vert, l\u2019utilisation de mat\u00e9riaux biod\u00e9gradables ou recyclables (assiettes, verres, etc.).&nbsp;<\/p>\n\n\n\n<p>Dans le m\u00eame esprit, il n\u2019y a pas de service VIP, pas plus que de comp\u00e9tition entre artistes. Nos engagements en mati\u00e8re d\u2019\u00e9cologie font partie d\u2019une d\u00e9marche plus globale en faveur d\u2019un&nbsp;<strong>d\u00e9veloppement humain durable<\/strong>&nbsp;: ils r\u00e9pondent de la m\u00eame \u00e9thique, des m\u00eames convictions po\u00e9tiques qui guident notre ligne \u00e9ditoriale ou les relations que nous tissons avec nos publics. Ils r\u00e9pondent d\u2019un engagement \u00e0 la fois \u00e9thique, politique et po\u00e9tique qui soutient aussi bien nos choix esth\u00e9tiques que les relations que nous cherchons \u00e0 tisser avec les publics, les artistes, nos partenaires, et entre salari\u00e9.e.s et b\u00e9n\u00e9voles de notre association.<\/p>\n\n\n\n<figure class=\"wp-block-image size-large\"><a href=\"https:\/\/www.instantsvideo.com\/blog\/wp-content\/uploads\/2024\/08\/bar.jpg\"><img loading=\"lazy\" decoding=\"async\" width=\"1024\" height=\"299\" src=\"https:\/\/www.instantsvideo.com\/blog\/wp-content\/uploads\/2024\/08\/bar-1024x299.jpg\" alt=\"\" class=\"wp-image-13355\" srcset=\"https:\/\/www.instantsvideo.com\/blog\/wp-content\/uploads\/2024\/08\/bar-1024x299.jpg 1024w, https:\/\/www.instantsvideo.com\/blog\/wp-content\/uploads\/2024\/08\/bar-300x88.jpg 300w, https:\/\/www.instantsvideo.com\/blog\/wp-content\/uploads\/2024\/08\/bar-768x224.jpg 768w, https:\/\/www.instantsvideo.com\/blog\/wp-content\/uploads\/2024\/08\/bar-480x140.jpg 480w, https:\/\/www.instantsvideo.com\/blog\/wp-content\/uploads\/2024\/08\/bar.jpg 1440w\" sizes=\"auto, (max-width: 1024px) 100vw, 1024px\" \/><\/a><figcaption class=\"wp-element-caption\">Salle Seita (bar et repas)<\/figcaption><\/figure>\n\n\n\n<div style=\"height:61px\" aria-hidden=\"true\" class=\"wp-block-spacer\"><\/div>\n\n\n\n<h2 class=\"wp-block-heading\">Pour nous (re)joindre<\/h2>\n\n\n\n<p>\ud83d\udcde&nbsp;+33 (0)4 95 04 96 24<br>Friche la Belle de Mai<br>Entr\u00e9e pi\u00e9tons : 41 rue Jobin&nbsp;<br>Entr\u00e9e voiture et parking : Rue Francois Simon&nbsp;<br>bus : lignes 49 &amp; 56 arr\u00eat Belle de Mai la Friche &#8211; Bus de soir\u00e9e n\u00b0582<br>tram : Ligne 2, arr\u00eat Longchamp (puis 10 min. \u00e0 pied)<br>m\u00e9tro : Lignes 1 &amp; 2, arr\u00eat St-Charles (puis 15 min. \u00e0 pied)<br>borne v\u00e9lo 2321 (rue jobin) + parking pour vos v\u00e9los.<\/p>\n\n\n\n<div style=\"height:100px\" aria-hidden=\"true\" class=\"wp-block-spacer\"><\/div>\n","protected":false},"excerpt":{"rendered":"<p>134\u00a0\u0153uvres,\u00a0r\u00e9alis\u00e9es par 146\u00a0artistes\u00a0<br \/>\nissu.e.s de\u00a038\u00a0pays<\/p>\n","protected":false},"author":9,"featured_media":13613,"comment_status":"closed","ping_status":"closed","sticky":false,"template":"","format":"standard","meta":{"footnotes":""},"categories":[470],"tags":[],"class_list":["post-13299","post","type-post","status-publish","format-standard","has-post-thumbnail","hentry","category-le-festival-2024"],"_links":{"self":[{"href":"https:\/\/www.instantsvideo.com\/blog\/wp-json\/wp\/v2\/posts\/13299","targetHints":{"allow":["GET"]}}],"collection":[{"href":"https:\/\/www.instantsvideo.com\/blog\/wp-json\/wp\/v2\/posts"}],"about":[{"href":"https:\/\/www.instantsvideo.com\/blog\/wp-json\/wp\/v2\/types\/post"}],"author":[{"embeddable":true,"href":"https:\/\/www.instantsvideo.com\/blog\/wp-json\/wp\/v2\/users\/9"}],"replies":[{"embeddable":true,"href":"https:\/\/www.instantsvideo.com\/blog\/wp-json\/wp\/v2\/comments?post=13299"}],"version-history":[{"count":38,"href":"https:\/\/www.instantsvideo.com\/blog\/wp-json\/wp\/v2\/posts\/13299\/revisions"}],"predecessor-version":[{"id":13948,"href":"https:\/\/www.instantsvideo.com\/blog\/wp-json\/wp\/v2\/posts\/13299\/revisions\/13948"}],"wp:featuredmedia":[{"embeddable":true,"href":"https:\/\/www.instantsvideo.com\/blog\/wp-json\/wp\/v2\/media\/13613"}],"wp:attachment":[{"href":"https:\/\/www.instantsvideo.com\/blog\/wp-json\/wp\/v2\/media?parent=13299"}],"wp:term":[{"taxonomy":"category","embeddable":true,"href":"https:\/\/www.instantsvideo.com\/blog\/wp-json\/wp\/v2\/categories?post=13299"},{"taxonomy":"post_tag","embeddable":true,"href":"https:\/\/www.instantsvideo.com\/blog\/wp-json\/wp\/v2\/tags?post=13299"}],"curies":[{"name":"wp","href":"https:\/\/api.w.org\/{rel}","templated":true}]}}