{"id":10942,"date":"2023-09-06T21:24:57","date_gmt":"2023-09-06T20:24:57","guid":{"rendered":"https:\/\/www.instantsvideo.com\/blog\/?p=10942"},"modified":"2024-08-20T19:36:31","modified_gmt":"2024-08-20T18:36:31","slug":"edito","status":"publish","type":"post","link":"https:\/\/www.instantsvideo.com\/blog\/2023\/09\/edito\/","title":{"rendered":"<sub>Le festival<\/sub><br>\u00e9dito"},"content":{"rendered":"\r\n<h4 class=\"has-text-align-center wp-block-heading\"><em>La po\u00e9sie n\u2019est pas un luxe, c\u2019est une n\u00e9cessit\u00e9 vitale<\/em>.\u00a0<strong>Audre Lorde<\/strong><\/h4>\r\n\r\n\r\n\r\n<div class=\"wp-block-spacer\" style=\"height: 51px;\" aria-hidden=\"true\">\u00a0<\/div>\r\n\r\n\r\n\r\n<p>Cette phrase d\u2019Audre Lorde a guid\u00e9 la fabrication de la 36e \u00e9dition du<em>\u00a0Festival Les Instants Vid\u00e9o.\u00a0<\/em>Car en effet <em>\u00ab\u00a0Elle g\u00e9n\u00e8re la qualit\u00e9 de la lumi\u00e8re qui \u00e9claire nos espoirs ainsi que nos r\u00eaves de survie et de changement, espoirs et r\u00eaves d&rsquo;abord mis en mots, puis en id\u00e9es, et enfin transform\u00e9s en actions plus tangibles. La po\u00e9sie est le chemin qui nous aide \u00e0 formuler ce qui est sans nom, le rendant ainsi envisageable. Les horizons les plus lointains de nos espoirs et de nos peurs sont pav\u00e9s de nos po\u00e8mes, taill\u00e9s dans le roc des exp\u00e9riences de nos vies quotidiennes. \u00c0 mesure que nous apprenons \u00e0 les conna\u00eetre et \u00e0 les accepter, nos \u00e9motions ainsi explor\u00e9es deviennent des terres sacr\u00e9es et fertiles pour les id\u00e9es les plus radicales et les plus audacieuses. \u00bb\u00a0\u00a0<\/em><\/p>\r\n\r\n\r\n\r\n<p>Dans le contexte actuel (baisse des financements pour la cr\u00e9ation artistique et la culture en g\u00e9n\u00e9ral, r\u00e9tr\u00e9cissement des espaces de libert\u00e9 d\u2019expression et mont\u00e9e des totalitarismes, communs d\u2019humanit\u00e9 sous le joug de la globalisation) il y a n\u00e9cessit\u00e9 d\u2019\u00e9couter le tonnerre, d\u2019explorer les inattendus et de cr\u00e9er des porosit\u00e9s entre les univers.\u00a0<\/p>\r\n\r\n\r\n\r\n<div class=\"wp-block-spacer\" style=\"height: 41px;\" aria-hidden=\"true\">\u00a0<\/div>\r\n\r\n\r\n<div class=\"wp-block-image\">\r\n<figure class=\"aligncenter size-large\"><a href=\"https:\/\/www.instantsvideo.com\/blog\/wp-content\/uploads\/2023\/09\/prasina-jos-frejmova-4-2.jpg\"><img loading=\"lazy\" decoding=\"async\" width=\"1024\" height=\"238\" class=\"wp-image-11009\" src=\"https:\/\/www.instantsvideo.com\/blog\/wp-content\/uploads\/2023\/09\/prasina-jos-frejmova-4-2-1024x238.jpg\" alt=\"\" srcset=\"https:\/\/www.instantsvideo.com\/blog\/wp-content\/uploads\/2023\/09\/prasina-jos-frejmova-4-2-1024x238.jpg 1024w, https:\/\/www.instantsvideo.com\/blog\/wp-content\/uploads\/2023\/09\/prasina-jos-frejmova-4-2-300x70.jpg 300w, https:\/\/www.instantsvideo.com\/blog\/wp-content\/uploads\/2023\/09\/prasina-jos-frejmova-4-2-768x179.jpg 768w, https:\/\/www.instantsvideo.com\/blog\/wp-content\/uploads\/2023\/09\/prasina-jos-frejmova-4-2-480x112.jpg 480w, https:\/\/www.instantsvideo.com\/blog\/wp-content\/uploads\/2023\/09\/prasina-jos-frejmova-4-2.jpg 1500w\" sizes=\"auto, (max-width: 1024px) 100vw, 1024px\" \/><\/a>\r\n<figcaption class=\"wp-element-caption\"><em>Pra\u0161ina<\/em> \/ Filip Markovinovi\u0107 (Serbia)<\/figcaption>\r\n<\/figure>\r\n<\/div>\r\n\r\n\r\n<div class=\"wp-block-spacer\" style=\"height: 41px;\" aria-hidden=\"true\">\u00a0<\/div>\r\n\r\n\r\n\r\n<p>Pour les 60 ans de la naissance de l\u2019art vid\u00e9o, nous vous donnerons \u00e0 voir un panorama de la cr\u00e9ation artistique internationale,\u00a0<em>po\u00e9litique<\/em>, parfois br\u00fblante, organique, g\u00e9n\u00e9reuse, grave ou joyeuse\u00a0:\u00a0167 \u0153uvres en provenance de 45 pays.\u00a0La po\u00e9sie est un outil des plus efficaces pour se connecter \u00e0 ses \u00e9motions (joie, peur et col\u00e8re),\u00a0les reconnaitre et ainsi avoir de la clart\u00e9 sur ce qui nous entoure puis mettre des mots, sur les peurs comme sur les espoirs. Le festival sera jalonn\u00e9 de temps de rencontres, de discussions, de convivialit\u00e9 offrant un \u00e9crin de bienveillance pour accueillir nos \u00e9changes de mots et pens\u00e9es.<\/p>\r\n\r\n\r\n\r\n<p>Nos \u00e9chapp\u00e9es belles font fi des fronti\u00e8res et elles nous transporterons \u00e0 Milan, en Jordanie, en Palestine. Le festival sillonnera aussi notre territoire d\u2019ancrage (Ecole Sup\u00e9rieure d\u2019art d\u2019Aix en Provence, Mairie du 1\/7, Biblioth\u00e8que de l\u2019Alcazar, Archives D\u00e9partementales, Vid\u00e9odrome 2).<\/p>\r\n\r\n\r\n\r\n<p>D\u2019autres \u00ab\u00a0fraternit\u00e9s impr\u00e9visibles et transversales\u00a0\u00bb autour des arts vid\u00e9o seront \u00e0 vivre lors de l\u2019ouverture du festival \u00e0 la Friche, avec la programmation concoct\u00e9e par les\u00a0<em>programm\u2019acteur\u00b7rice.s<\/em>\u00a0(des habitant\u00b7e\u00b7s de Marseille), ou dans les galeries populaires \u00e9ph\u00e9m\u00e8res, 3 expositions au coeur de structures sociales.<\/p>\r\n\r\n\r\n\r\n<div class=\"wp-block-spacer\" style=\"height: 42px;\" aria-hidden=\"true\">\u00a0<\/div>\r\n\r\n\r\n\r\n<figure class=\"wp-block-image size-large\"><a href=\"https:\/\/www.instantsvideo.com\/blog\/wp-content\/uploads\/2023\/09\/Photo-4-Maria-Korporal-WANDEL-05.jpg\"><img loading=\"lazy\" decoding=\"async\" width=\"1024\" height=\"576\" class=\"wp-image-10993\" src=\"https:\/\/www.instantsvideo.com\/blog\/wp-content\/uploads\/2023\/09\/Photo-4-Maria-Korporal-WANDEL-05-1024x576.jpg\" alt=\"\" srcset=\"https:\/\/www.instantsvideo.com\/blog\/wp-content\/uploads\/2023\/09\/Photo-4-Maria-Korporal-WANDEL-05-1024x576.jpg 1024w, https:\/\/www.instantsvideo.com\/blog\/wp-content\/uploads\/2023\/09\/Photo-4-Maria-Korporal-WANDEL-05-300x169.jpg 300w, https:\/\/www.instantsvideo.com\/blog\/wp-content\/uploads\/2023\/09\/Photo-4-Maria-Korporal-WANDEL-05-768x432.jpg 768w, https:\/\/www.instantsvideo.com\/blog\/wp-content\/uploads\/2023\/09\/Photo-4-Maria-Korporal-WANDEL-05-480x270.jpg 480w, https:\/\/www.instantsvideo.com\/blog\/wp-content\/uploads\/2023\/09\/Photo-4-Maria-Korporal-WANDEL-05.jpg 1500w\" sizes=\"auto, (max-width: 1024px) 100vw, 1024px\" \/><\/a>\r\n<figcaption class=\"wp-element-caption\"><em>Wandel<\/em> \/ Maria-Korporal (Allemagne)<\/figcaption>\r\n<\/figure>\r\n\r\n\r\n\r\n<div class=\"wp-block-spacer\" style=\"height: 41px;\" aria-hidden=\"true\">\u00a0<\/div>\r\n\r\n\r\n\r\n<p>Cette\u00a0<em>n\u00e9cessit\u00e9 vitale<\/em>\u00a0a aussi fourni un angle de r\u00e9flexion qui nous a donn\u00e9 envie de convier d\u2019autres festivals \u00e0 une\u00a0<em>conversation autour du r\u00f4le des festivals<\/em>. En effet, n\u2019\u00e9tant ni des march\u00e9s de cr\u00e9ation en tourn\u00e9e ni des institutions mus\u00e9ales, les festivals sont pour nous des lieux d\u2019audace artistique et po\u00e9tique, de collaboration, de rencontres et d\u2019\u00e9changes, de rendez-vous d\u2019o\u00f9 l\u2019on sait que l\u2019on reviendra chang\u00e9.e, enrichi.e, d\u2019exp\u00e9riences \u00e0 la fois collectives et intimes. Ce sont des lieux d\u2019hospitalit\u00e9 en actes, des ouvertures au monde, \u00ab des parenth\u00e8ses enchant\u00e9es, des mondes d\u2019utilit\u00e9 sociale, des petites r\u00e9publiques \u00e9ph\u00e9m\u00e8res \u00bb comme le dit Emmanuel N\u00e9grier.<\/p>\r\n\r\n\r\n\r\n<p>Et pour se sentir plus fort.e.s, nos amiti\u00e9s videopo\u00e9tiques nous ont conduit \u00e0 proposer 3 cartes blanches \u00e0 3 festivals d\u2019art vid\u00e9o\u00a0: le\u00a0<em>Cairo Video Festiva<\/em>l (Egypte),\u00a0<em>Limited Access Festival<\/em>\u00a0(Iran) et\u00a0<em>Vid\u00e9oformes<\/em>\u00a0(Clermont-Ferrand).\u00a0\u00a0<\/p>\r\n\r\n\r\n\r\n<p>La po\u00e9sie permet d\u2019\u00e9chapper aux injonctions ext\u00e9rieures et de reconqu\u00e9rir sa libert\u00e9 nous dit Audre Lorde. Tout comme la chanson\u00a0populaire. Qu\u2019est-ce qui se d\u00e9plie lorsqu\u2019on accole populaire \u00e0 art vid\u00e9o\u00a0? Venez donc \u00e9coutez \u2013 voir nos propositions, toutes introduites par une chanson populaire.<\/p>\r\n\r\n\r\n\r\n<h5 class=\"wp-block-heading\"><strong>Vous \u00eates les bienvenu.e.s.<\/strong><\/h5>\r\n\r\n\r\n\r\n<div class=\"wp-block-spacer\" style=\"height: 41px;\" aria-hidden=\"true\">\u00a0<\/div>\r\n\r\n\r\n\r\n<figure class=\"wp-block-image size-large\"><a href=\"https:\/\/www.instantsvideo.com\/blog\/wp-content\/uploads\/2023\/09\/PLanetsV4.mp4_snapshot_02.12.880.jpg\"><img loading=\"lazy\" decoding=\"async\" width=\"1024\" height=\"353\" class=\"wp-image-10992\" src=\"https:\/\/www.instantsvideo.com\/blog\/wp-content\/uploads\/2023\/09\/PLanetsV4.mp4_snapshot_02.12.880-1024x353.jpg\" alt=\"\" srcset=\"https:\/\/www.instantsvideo.com\/blog\/wp-content\/uploads\/2023\/09\/PLanetsV4.mp4_snapshot_02.12.880-1024x353.jpg 1024w, https:\/\/www.instantsvideo.com\/blog\/wp-content\/uploads\/2023\/09\/PLanetsV4.mp4_snapshot_02.12.880-300x103.jpg 300w, https:\/\/www.instantsvideo.com\/blog\/wp-content\/uploads\/2023\/09\/PLanetsV4.mp4_snapshot_02.12.880-768x265.jpg 768w, https:\/\/www.instantsvideo.com\/blog\/wp-content\/uploads\/2023\/09\/PLanetsV4.mp4_snapshot_02.12.880-480x165.jpg 480w, https:\/\/www.instantsvideo.com\/blog\/wp-content\/uploads\/2023\/09\/PLanetsV4.mp4_snapshot_02.12.880.jpg 1500w\" sizes=\"auto, (max-width: 1024px) 100vw, 1024px\" \/><\/a>\r\n<figcaption class=\"wp-element-caption\"><em>Planets and robots <\/em>\/ Julius Zubavi\u010dius &amp; Antanas Sku\u010das (Lituanie)<\/figcaption>\r\n<\/figure>\r\n\r\n\r\n\r\n<div class=\"wp-block-spacer\" style=\"height: 100px;\" aria-hidden=\"true\">\u00a0<\/div>\r\n","protected":false},"excerpt":{"rendered":"<p>La po\u00e9sie n\u2019est pas un luxe.\u00a0<br \/>\nC\u2019est une n\u00e9cessit\u00e9 vitale\u00a0<br \/>\nAudre Lorde<\/p>\n","protected":false},"author":9,"featured_media":11011,"comment_status":"closed","ping_status":"closed","sticky":false,"template":"","format":"standard","meta":{"footnotes":""},"categories":[350],"tags":[],"class_list":["post-10942","post","type-post","status-publish","format-standard","has-post-thumbnail","hentry","category-lefestival2023"],"_links":{"self":[{"href":"https:\/\/www.instantsvideo.com\/blog\/wp-json\/wp\/v2\/posts\/10942","targetHints":{"allow":["GET"]}}],"collection":[{"href":"https:\/\/www.instantsvideo.com\/blog\/wp-json\/wp\/v2\/posts"}],"about":[{"href":"https:\/\/www.instantsvideo.com\/blog\/wp-json\/wp\/v2\/types\/post"}],"author":[{"embeddable":true,"href":"https:\/\/www.instantsvideo.com\/blog\/wp-json\/wp\/v2\/users\/9"}],"replies":[{"embeddable":true,"href":"https:\/\/www.instantsvideo.com\/blog\/wp-json\/wp\/v2\/comments?post=10942"}],"version-history":[{"count":16,"href":"https:\/\/www.instantsvideo.com\/blog\/wp-json\/wp\/v2\/posts\/10942\/revisions"}],"predecessor-version":[{"id":13141,"href":"https:\/\/www.instantsvideo.com\/blog\/wp-json\/wp\/v2\/posts\/10942\/revisions\/13141"}],"wp:featuredmedia":[{"embeddable":true,"href":"https:\/\/www.instantsvideo.com\/blog\/wp-json\/wp\/v2\/media\/11011"}],"wp:attachment":[{"href":"https:\/\/www.instantsvideo.com\/blog\/wp-json\/wp\/v2\/media?parent=10942"}],"wp:term":[{"taxonomy":"category","embeddable":true,"href":"https:\/\/www.instantsvideo.com\/blog\/wp-json\/wp\/v2\/categories?post=10942"},{"taxonomy":"post_tag","embeddable":true,"href":"https:\/\/www.instantsvideo.com\/blog\/wp-json\/wp\/v2\/tags?post=10942"}],"curies":[{"name":"wp","href":"https:\/\/api.w.org\/{rel}","templated":true}]}}