{"id":10936,"date":"2023-09-04T11:46:29","date_gmt":"2023-09-04T10:46:29","guid":{"rendered":"https:\/\/www.instantsvideo.com\/blog\/?p=10936"},"modified":"2023-09-12T19:29:30","modified_gmt":"2023-09-12T18:29:30","slug":"acknowledgements-2","status":"publish","type":"post","link":"https:\/\/www.instantsvideo.com\/blog\/en\/2023\/09\/acknowledgements-2\/","title":{"rendered":"<sub>The Festival<\/sub><\/br>Acknowledgements"},"content":{"rendered":"\n<p class=\"has-small-font-size\">Arigat\u00f4, Thanks, Danke, Gracias, Grazie, Obrigado, Hvala, Faleminderit, K\u00f6sz\u00f6n\u00f6m, Takk, Dzieki, D\u00edky, Salamat, Tesekk\u00fcrler, Asante, Dankie, Ait\u00e4h, Kiitos, Bedankt, Pateiciba,Grazzi, Multumesc, Go raibh maith agat, Multumesc, Eskerrik asko, Dekuji, M\u00e8si,Choukrane, Doumoarigatou, Merci \u2026<\/p>\n\n\n\n<p>The festival couldn&rsquo;t exist without the priceless help of many!&nbsp;Thousand flowers to all <strong>artists and specta(c)tors<\/strong>, to the <strong>friends and partners <\/strong>who have placed their trust in all that.&nbsp;<\/p>\n\n\n\n<p><strong>For the share of their poetry&nbsp;<\/strong><br>Ma\u00eblle, Am\u00e9lie Morin, Jeanne Mas, C\u00e9line Dion, Dr\u00f4les de Drames,&nbsp;Grace Jones, Julien Clerc,&nbsp;Soolking, Ouled El Bahdja, U2, Kate Bush, Zazie, Nina Simone, Myl\u00e8ne Farmer, Marie Lafor\u00ebt, Nicole Croisille, Marie-Paule Belle, Diane Dufresne, Kiy\u00e9mis &amp; Audre Lorde&nbsp;<\/p>\n\n\n\n<p>The persons who welcome you, are bartending, serve meals, translate the debates in English (or in French), go pick up the artists&#8230; don&rsquo;t get paid for these responsibilities. They accompany the&nbsp;<em>poelitic<\/em>&nbsp;project of the festival and make it&nbsp;<strong>a festival of the Humanities<\/strong>.<\/p>\n\n\n\n<div class=\"wp-block-columns is-layout-flex wp-container-core-columns-is-layout-9d6595d7 wp-block-columns-is-layout-flex\">\n<div class=\"wp-block-column is-layout-flow wp-block-column-is-layout-flow\">\n<p class=\"has-text-align-center\"><strong>Jako Blanc&nbsp;<br>Ella Carrara&nbsp;<br>Nad\u00e8ge Cormier&nbsp;<br>Juliette Dulcamara<br>Patrice Garnero<br>Yann Gicquel&nbsp;<br>Willy Legaud<\/strong><\/p>\n<\/div>\n\n\n\n<div class=\"wp-block-column is-layout-flow wp-block-column-is-layout-flow\">\n<p class=\"has-text-align-center\"><strong>Vincent Makowski&nbsp;<br>Cerise Martens<br>Gabriel Mattei&nbsp;<br>Lola Mercier&nbsp;<br>Sophie Poulard<br>Gatien Raimbault<br>Mich\u00e8le Rodriguez<\/strong><\/p>\n<\/div>\n<\/div>\n\n\n\n<p>&nbsp;<strong>The team<\/strong><br>Artistic team: Tiffanie Taveau, Samuel Bester, Willy Legaud, Jako Blanc<br>Direction of production: Na\u00efk M\u2019Sili<br>Technical coordinator: Samuel Bester, assisted by Marie-Odile Paquin<br>Graphic and web designer: Willy Legaud<br>Relations to the audiences: Tiffanie Taveau<br><em>Maitre queux<\/em>&nbsp;(<em>Chef<\/em>): Jean-Jacques Blanc<\/p>\n\n\n\n<p>The 35 Festival Les Instants Vid\u00e9o is a production by&nbsp;l&rsquo;association des Instants Vid\u00e9o Num\u00e9riques et Po\u00e9tiques, supported by the City of Marseille (<strong>DGAC<\/strong>), the Conseil G\u00e9n\u00e9ral des Bouches-du-Rh\u00f4ne (<strong>CG13<\/strong>), Conseil R\u00e9gional PACA (<strong>CR PACA<\/strong>), the Ministry of Culture&nbsp;<strong>(DRAC<\/strong>&#8211;<strong>PACA)<\/strong>.<\/p>\n\n\n\n<p>We are also supported by the&nbsp;<strong>Friche la Belle de Mai<\/strong>, as well as a large number of organisations in France and abroad.&nbsp;A special thanks to the technical team of la Friche who helped us to finalised the project.<\/p>\n\n\n\n<p>A warm thanks to the media (press, magazines, TV and radio) which follow our actions and REF (R\u00e9seau Euromed France) and Territoires Solidaires, of which we are active members.&nbsp;<\/p>\n\n\n\n<p><strong>Camera<\/strong>&nbsp;<br>Don&rsquo;t be surprised if young people with cameras and microphones wander among you, they are certainly students of the University of Aix-Marseille of the Master&nbsp;<em>Ecritures documentaires<\/em>&nbsp;who use the festival as an experimentation ground, accompanied by their teacher Pascal C\u00e9saro.&nbsp;<\/p>\n\n\n\n<p>More than ever, the entrance is&nbsp;<strong><mark style=\"background-color:rgba(0, 0, 0, 0)\" class=\"has-inline-color has-black-color\">open<\/mark> and free&nbsp;<\/strong>because we think that art is priceless, that we demand a lot to our guests&rsquo; sensitive-attentive-eyes, that every program-encounter is a general assembly of the living, that our payment is your speech-listening-breathing-laughter-and-thought.<\/p>\n\n\n\n<div style=\"height:54px\" aria-hidden=\"true\" class=\"wp-block-spacer\"><\/div>\n\n\n\n<figure class=\"wp-block-image size-full\"><a href=\"https:\/\/www.instantsvideo.com\/blog\/wp-content\/uploads\/2023\/09\/planchelogosIV2023-2-1.jpg\"><img loading=\"lazy\" decoding=\"async\" width=\"1200\" height=\"1114\" src=\"https:\/\/www.instantsvideo.com\/blog\/wp-content\/uploads\/2023\/09\/planchelogosIV2023-2-1.jpg\" alt=\"\" class=\"wp-image-11694\" srcset=\"https:\/\/www.instantsvideo.com\/blog\/wp-content\/uploads\/2023\/09\/planchelogosIV2023-2-1.jpg 1200w, https:\/\/www.instantsvideo.com\/blog\/wp-content\/uploads\/2023\/09\/planchelogosIV2023-2-1-300x279.jpg 300w, https:\/\/www.instantsvideo.com\/blog\/wp-content\/uploads\/2023\/09\/planchelogosIV2023-2-1-1024x951.jpg 1024w, https:\/\/www.instantsvideo.com\/blog\/wp-content\/uploads\/2023\/09\/planchelogosIV2023-2-1-768x713.jpg 768w, https:\/\/www.instantsvideo.com\/blog\/wp-content\/uploads\/2023\/09\/planchelogosIV2023-2-1-480x446.jpg 480w\" sizes=\"auto, (max-width: 1200px) 100vw, 1200px\" \/><\/a><\/figure>\n\n\n\n<div style=\"height:100px\" aria-hidden=\"true\" class=\"wp-block-spacer\"><\/div>\n\n\n\n<p><\/p>\n","protected":false},"excerpt":{"rendered":"<p>Arigat\u00f4, Thanks, Danke, Gracias&#8230;<\/p>\n","protected":false},"author":9,"featured_media":10929,"comment_status":"open","ping_status":"closed","sticky":false,"template":"","format":"standard","meta":{"footnotes":""},"categories":[352],"tags":[],"class_list":["post-10936","post","type-post","status-publish","format-standard","has-post-thumbnail","hentry","category-the-festival-2023"],"_links":{"self":[{"href":"https:\/\/www.instantsvideo.com\/blog\/wp-json\/wp\/v2\/posts\/10936","targetHints":{"allow":["GET"]}}],"collection":[{"href":"https:\/\/www.instantsvideo.com\/blog\/wp-json\/wp\/v2\/posts"}],"about":[{"href":"https:\/\/www.instantsvideo.com\/blog\/wp-json\/wp\/v2\/types\/post"}],"author":[{"embeddable":true,"href":"https:\/\/www.instantsvideo.com\/blog\/wp-json\/wp\/v2\/users\/9"}],"replies":[{"embeddable":true,"href":"https:\/\/www.instantsvideo.com\/blog\/wp-json\/wp\/v2\/comments?post=10936"}],"version-history":[{"count":9,"href":"https:\/\/www.instantsvideo.com\/blog\/wp-json\/wp\/v2\/posts\/10936\/revisions"}],"predecessor-version":[{"id":11695,"href":"https:\/\/www.instantsvideo.com\/blog\/wp-json\/wp\/v2\/posts\/10936\/revisions\/11695"}],"wp:featuredmedia":[{"embeddable":true,"href":"https:\/\/www.instantsvideo.com\/blog\/wp-json\/wp\/v2\/media\/10929"}],"wp:attachment":[{"href":"https:\/\/www.instantsvideo.com\/blog\/wp-json\/wp\/v2\/media?parent=10936"}],"wp:term":[{"taxonomy":"category","embeddable":true,"href":"https:\/\/www.instantsvideo.com\/blog\/wp-json\/wp\/v2\/categories?post=10936"},{"taxonomy":"post_tag","embeddable":true,"href":"https:\/\/www.instantsvideo.com\/blog\/wp-json\/wp\/v2\/tags?post=10936"}],"curies":[{"name":"wp","href":"https:\/\/api.w.org\/{rel}","templated":true}]}}