{"id":10928,"date":"2023-09-04T23:29:00","date_gmt":"2023-09-04T22:29:00","guid":{"rendered":"https:\/\/www.instantsvideo.com\/blog\/?p=10928"},"modified":"2024-06-17T09:26:00","modified_gmt":"2024-06-17T08:26:00","slug":"remerciements","status":"publish","type":"post","link":"https:\/\/www.instantsvideo.com\/blog\/2023\/09\/remerciements\/","title":{"rendered":"<sub>Le festival<\/sub><br>Remerciements"},"content":{"rendered":"\r\n\r\n\r\n<p>Arigat\u00f4, Thanks, Danke, Gracias, Grazie, Obrigado, Hvala, Faleminderit, K\u00f6sz\u00f6n\u00f6m, Takk, Dzieki, Diky, Salamat, Tesekkurler, Asante, Dankie, Ait\u00e4h, Kiitos, Bedankt, Pateiciba, Grazzi, Multumesc, Go raibh maith agat, Multumesc, Eskerrik asko, Dekuji, M\u00e8si, Choukrane, Doumoarigatou, Va multumim, m\u00e8si, terima kasih, Merci&#8230;<\/p>\r\n<p>Ce festival n\u2019existerait pas sans l\u2019aide inestimable <strong>des artistes et des ami.e.s<\/strong> que nous voulons remercier tout particuli\u00e8rement. Mille fleurs \u00e0 tous.tes les <strong>specta(c)teur.rice.s<\/strong> qui nous accordent leur confiance, \u00e0 toutes celles et ceux que nous ne citons pas ici mais qui savent&#8230;\u00a0<\/p>\r\n\r\n\r\n\r\n<p>et pour le <strong>partage de leur po\u00e9sie<\/strong>\u00a0: <br \/>Ma\u00eblle, Am\u00e9lie Morin, Jeanne Mas, C\u00e9line Dion, Dr\u00f4les de Drames,\u00a0Grace Jones, Julien Clerc,\u00a0Soolking, Ouled El Bahdja,\u00a0U2, Kate Bush, Zazie, Nina Simone, Myl\u00e8ne Farmer, Marie Lafor\u00ebt, Nicole Croisille, Marie-Paule Belle, Diane Dufresne, Kiy\u00e9mis et Audre Lorde\u00a0<\/p>\r\n\r\n\r\n\r\n<p>Les personnes qui vous accueillent, tiennent le bar, servent les repas, traduisent en anglais (et en fran\u00e7ais) les d\u00e9bats, accueillent les artistes\u2026, ne sont pas r\u00e9mun\u00e9r\u00e9es pour ces fonctions. Elles accompagnent le projet\u00a0<em>po\u00e9litique<\/em>\u00a0et en font un\u00a0<strong>festival d\u2019humanit\u00e9s<\/strong>.<\/p>\r\n\r\n\r\n\r\n<div class=\"wp-block-columns is-layout-flex wp-container-core-columns-is-layout-9d6595d7 wp-block-columns-is-layout-flex\">\r\n<div class=\"wp-block-column is-layout-flow wp-block-column-is-layout-flow\">\r\n<p class=\"has-text-align-center\"><strong>Jako Blanc\u00a0<br \/>Ella Carrara\u00a0<br \/>Nad\u00e8ge Cormier\u00a0<br \/>Juliette Dulcamara<br \/>Patrice Garnero<br \/>Yann Gicquel\u00a0<br \/>Vincent Makowski\u00a0<br \/><\/strong><\/p>\r\n<\/div>\r\n\r\n\r\n\r\n<div class=\"wp-block-column is-layout-flow wp-block-column-is-layout-flow\">\r\n<p class=\"has-text-align-center\"><strong>Cerise Martens<br \/>Gabriel Mattei\u00a0<br \/>Lola Mercier\u00a0<br \/>Sophie Poulard<br \/>Gatien Raimbault<\/strong><br \/><strong>Mich\u00e8le Rodriguez<\/strong><\/p>\r\n<\/div>\r\n<\/div>\r\n\r\n\r\n\r\n<p><strong>L\u2019\u00e9quipe du festival\u00a0<\/strong><br \/>Collectif artistique : Tiffanie Taveau, Samuel Bester, Wilfried Legaud, Jako Blanc<br \/>Direction de production : Na\u00efk M\u2019Sili<br \/>R\u00e9gie g\u00e9n\u00e9rale : Samuel Bester, assist\u00e9 de Marie-Odile Paquin<br \/>Conception graphique : Wilfried Legaud\u00a0<br \/>Charg\u00e9e des relations aux publics : Tiffanie Taveau<br \/>Ma\u00eetre queux : Jako Blanc\u00a0<\/p>\r\n\r\n\r\n\r\n<p>Les 36es Instants Vid\u00e9o sont une production de l\u2019association des\u00a0<em>Instants Vid\u00e9o Num\u00e9riques et Po\u00e9tiques\u00a0<\/em>qui b\u00e9n\u00e9ficie du soutien de la<strong> Ville de Marseille<\/strong> (DGAC), du <strong>Conseil D\u00e9partemental des Bouches-du-Rh\u00f4ne<\/strong> (CD13), du <strong>Conseil R\u00e9gional SUD<\/strong>, du <strong>Minist\u00e8re de la Culture <\/strong>(DRAC-PACA). Nous b\u00e9n\u00e9ficions aussi d\u2019une co-production de la <strong>Friche la Belle de Mai<\/strong> et remercions chaleureusement les \u00e9quipes techniques, accueil, entretien, exploitation, communication, production de la Friche qui nous ont aid\u00e9 \u00e0 r\u00e9aliser ce projet.\u00a0<\/p>\r\n\r\n\r\n\r\n<p>Merci aux m\u00e9dias (journaux, revues, t\u00e9l\u00e9visions, radio) qui accompagnent nos actions et au REF (R\u00e9seau Euromed France), la Ligue de l\u2019Enseignement 13 et Territoires Solidaires, dont nous sommes membres actifs.\u00a0<\/p>\r\n\r\n\r\n\r\n<p><strong>Cam\u00e9ra<\/strong><br \/>Ne vous \u00e9tonnez pas si de jeunes gens muni-e-s d\u2019une cam\u00e9ra et d\u2019un micro sillonnent parmi vous, ce sont certainement des \u00e9tudiant.e.s de l\u2019Universit\u00e9 Aix- Marseille du Master\u00a0<em>Ecritures documentaires<\/em>\u00a0qui utilisent le festival comme terrain d\u2019exp\u00e9rimentation, accompagn\u00e9.e.s par leur enseignant Pascal C\u00e9saro.\u00a0<\/p>\r\n\r\n\r\n\r\n<p>Plus que jamais, les\u00a0<strong>entr\u00e9es sont libres et gratuites<\/strong>\u00a0car nous pensons que l&rsquo;art est hors de prix, que nous exigeons beaucoup du regard-sensible-attentif de nos h\u00f4tes, que chaque programmation-rencontre est une assembl\u00e9e g\u00e9n\u00e9rale des vivant.e.s, que notre r\u00e9mun\u00e9ration est votre parole-\u00e9coute-respiration-rire-et-pens\u00e9e.<\/p>\r\n\r\n\r\n\r\n<div class=\"wp-block-spacer\" style=\"height: 61px;\" aria-hidden=\"true\">\u00a0<\/div>\r\n\r\n\r\n\r\n<figure class=\"wp-block-image size-large\"><a href=\"https:\/\/www.instantsvideo.com\/blog\/wp-content\/uploads\/2023\/09\/planche-logos-IV2023-revu.jpg\"><img loading=\"lazy\" decoding=\"async\" width=\"1024\" height=\"951\" class=\"wp-image-11698\" src=\"https:\/\/www.instantsvideo.com\/blog\/wp-content\/uploads\/2023\/09\/planche-logos-IV2023-revu-1024x951.jpg\" alt=\"\" srcset=\"https:\/\/www.instantsvideo.com\/blog\/wp-content\/uploads\/2023\/09\/planche-logos-IV2023-revu-1024x951.jpg 1024w, https:\/\/www.instantsvideo.com\/blog\/wp-content\/uploads\/2023\/09\/planche-logos-IV2023-revu-300x279.jpg 300w, https:\/\/www.instantsvideo.com\/blog\/wp-content\/uploads\/2023\/09\/planche-logos-IV2023-revu-768x713.jpg 768w, https:\/\/www.instantsvideo.com\/blog\/wp-content\/uploads\/2023\/09\/planche-logos-IV2023-revu-480x446.jpg 480w, https:\/\/www.instantsvideo.com\/blog\/wp-content\/uploads\/2023\/09\/planche-logos-IV2023-revu.jpg 1500w\" sizes=\"auto, (max-width: 1024px) 100vw, 1024px\" \/><\/a><\/figure>\r\n\r\n\r\n\r\n<div class=\"wp-block-spacer\" style=\"height: 100px;\" aria-hidden=\"true\">\u00a0<\/div>\r\n","protected":false},"excerpt":{"rendered":"<p>Arigat\u00f4, Thanks, Danke, Gracias, Grazie, Obrigado, Hvala, Faleminderit, K\u00f6sz\u00f6n\u00f6m, Takk, Dzieki, Diky, Salamat, Tesekkurler, Asante, Dankie, Ait\u00e4h, Kiitos&#8230;<\/p>\n","protected":false},"author":9,"featured_media":10929,"comment_status":"closed","ping_status":"closed","sticky":false,"template":"","format":"standard","meta":{"footnotes":""},"categories":[350],"tags":[],"class_list":["post-10928","post","type-post","status-publish","format-standard","has-post-thumbnail","hentry","category-lefestival2023"],"_links":{"self":[{"href":"https:\/\/www.instantsvideo.com\/blog\/wp-json\/wp\/v2\/posts\/10928","targetHints":{"allow":["GET"]}}],"collection":[{"href":"https:\/\/www.instantsvideo.com\/blog\/wp-json\/wp\/v2\/posts"}],"about":[{"href":"https:\/\/www.instantsvideo.com\/blog\/wp-json\/wp\/v2\/types\/post"}],"author":[{"embeddable":true,"href":"https:\/\/www.instantsvideo.com\/blog\/wp-json\/wp\/v2\/users\/9"}],"replies":[{"embeddable":true,"href":"https:\/\/www.instantsvideo.com\/blog\/wp-json\/wp\/v2\/comments?post=10928"}],"version-history":[{"count":16,"href":"https:\/\/www.instantsvideo.com\/blog\/wp-json\/wp\/v2\/posts\/10928\/revisions"}],"predecessor-version":[{"id":13300,"href":"https:\/\/www.instantsvideo.com\/blog\/wp-json\/wp\/v2\/posts\/10928\/revisions\/13300"}],"wp:featuredmedia":[{"embeddable":true,"href":"https:\/\/www.instantsvideo.com\/blog\/wp-json\/wp\/v2\/media\/10929"}],"wp:attachment":[{"href":"https:\/\/www.instantsvideo.com\/blog\/wp-json\/wp\/v2\/media?parent=10928"}],"wp:term":[{"taxonomy":"category","embeddable":true,"href":"https:\/\/www.instantsvideo.com\/blog\/wp-json\/wp\/v2\/categories?post=10928"},{"taxonomy":"post_tag","embeddable":true,"href":"https:\/\/www.instantsvideo.com\/blog\/wp-json\/wp\/v2\/tags?post=10928"}],"curies":[{"name":"wp","href":"https:\/\/api.w.org\/{rel}","templated":true}]}}