{"id":10362,"date":"2023-09-07T15:09:40","date_gmt":"2023-09-07T14:09:40","guid":{"rendered":"https:\/\/www.instantsvideo.com\/blog\/?p=10362"},"modified":"2024-06-17T09:26:22","modified_gmt":"2024-06-17T08:26:22","slug":"info-pratiques","status":"publish","type":"post","link":"https:\/\/www.instantsvideo.com\/blog\/2023\/09\/info-pratiques\/","title":{"rendered":"<sub>Le festival<\/sub><br>informations pratiques"},"content":{"rendered":"\r\n<p class=\"has-text-align-center\"><em><strong>La po\u00e9sie n\u2019est pas un luxe.\u00a0C\u2019est une n\u00e9cessit\u00e9 vitale<\/strong><\/em> &#8211; Audre Lorde<\/p>\r\n\r\n\r\n\r\n<p>&nbsp;<\/p>\r\n\r\n\r\n\r\n<p class=\"has-text-align-center\"><strong>167 \u0153uvres,\u00a0r\u00e9alis\u00e9es par 192 artistes\u00a0issu.e.s de 45 pays<\/strong><em>\u00a0:<\/em><br \/><em>Allemagne,\u00a0Argentine, Arm\u00e9nie, Australie, Autriche, Azerba\u00efdjan,\u00a0Belgique, Bi\u00e9lorussie,\u00a0Br\u00e9sil,<strong>\u00a0<\/strong>Canada, Chili, Chine,\u00a0Cor\u00e9e du Sud, Croatie,\u00a0\u00c9gypte, Espagne,\u00a0\u00c9tats-Unis,<strong>\u00a0<\/strong>Finlande, France,<strong>\u00a0<\/strong>Gr\u00e8ce,\u00a0Inde, Iran,\u00a0Iraq, Irlande, Italie,<strong>\u00a0<\/strong>Japon,\u00a0Lituanie,\u00a0Mexique,<strong>\u00a0<\/strong>Norv\u00e8ge, Palestine,\u00a0Pays-Bas,\u00a0Pologne,\u00a0Portugal,<strong>\u00a0<\/strong>Qatar,\u00a0Roumanie,Royaume-Uni,\u00a0Russie,\u00a0S\u00e9n\u00e9gal,\u00a0Serbie, Su\u00e8de, Suisse, Taiwan, Tunisie,\u00a0Turquie, Yougoslavie<\/em><\/p>\r\n\r\n\r\n\r\n<div class=\"wp-block-spacer\" style=\"height: 19px;\" aria-hidden=\"true\">\u00a0<\/div>\r\n\r\n\r\n\r\n<div class=\"wp-block-buttons is-content-justification-center is-layout-flex wp-container-core-buttons-is-layout-16018d1d wp-block-buttons-is-layout-flex\">\r\n<div class=\"wp-block-button is-style-outline is-style-outline--1\"><a class=\"wp-block-button__link has-luminous-vivid-orange-color has-white-background-color has-text-color has-background wp-element-button\" style=\"border-radius: 7px;\" href=\"https:\/\/www.instantsvideo.com\/blog\/wp-content\/uploads\/2023\/10\/depliantIV2023.pdf\" target=\"_blank\" rel=\"noreferrer noopener\">d\u00e9pliant<\/a><\/div>\r\n<\/div>\r\n\r\n\r\n\r\n<div class=\"wp-block-spacer\" style=\"height: 41px;\" aria-hidden=\"true\">\u00a0<\/div>\r\n\r\n\r\n\r\n<p class=\"has-text-align-left\">Le festival se d\u00e9plie sur plusieurs espaces-temps. Il y a tout d\u2019abord les\u00a0<strong>Rencontres internationales<\/strong>\u00a0qui se d\u00e9roulent\u00a0<strong>\u00e0 la Friche la Belle de Mai<\/strong>\u00a0\u00e0 Marseille,\u00a0<em>du 19 au 22 octobre 2023<\/em>.\u00a0Avant et apr\u00e8s ces dates, nous collaborons avec des structures partenaires pour organiser les \u00e9chapp\u00e9es belles du festival dans d\u2019autres lieux de Marseille, dans la R\u00e9gion, mais \u00e9galement et \u00e0 l\u2019international. L\u2019ensemble de ces escales forment ce que nous appelons une\u00a0<em>Constellation Po\u00e9tronique<\/em>.<\/p>\r\n\r\n\r\n\r\n<p>Ainsi,\u00a0du\u00a0<em>12 octobre au 24\u00a0novembre\u00a02023<\/em>, nous vous proposons un itin\u00e9raire, du local \u00e0 l\u2019international,\u00a0avecdes projections, des expositions, et des performances.<\/p>\r\n\r\n\r\n\r\n<div class=\"wp-block-spacer\" style=\"height: 30px;\" aria-hidden=\"true\">\u00a0<\/div>\r\n\r\n\r\n\r\n<div class=\"wp-block-spacer\" style=\"height: 41px;\" aria-hidden=\"true\">\u00a0<\/div>\r\n\r\n\r\n\r\n<figure class=\"wp-block-image size-large\"><a href=\"https:\/\/www.instantsvideo.com\/blog\/wp-content\/uploads\/2023\/09\/Agenda-festival.jpg\"><img loading=\"lazy\" decoding=\"async\" width=\"1024\" height=\"512\" class=\"wp-image-11014\" src=\"https:\/\/www.instantsvideo.com\/blog\/wp-content\/uploads\/2023\/09\/Agenda-festival-1024x512.jpg\" alt=\"\" srcset=\"https:\/\/www.instantsvideo.com\/blog\/wp-content\/uploads\/2023\/09\/Agenda-festival-1024x512.jpg 1024w, https:\/\/www.instantsvideo.com\/blog\/wp-content\/uploads\/2023\/09\/Agenda-festival-300x150.jpg 300w, https:\/\/www.instantsvideo.com\/blog\/wp-content\/uploads\/2023\/09\/Agenda-festival-768x384.jpg 768w, https:\/\/www.instantsvideo.com\/blog\/wp-content\/uploads\/2023\/09\/Agenda-festival-480x240.jpg 480w, https:\/\/www.instantsvideo.com\/blog\/wp-content\/uploads\/2023\/09\/Agenda-festival.jpg 1500w\" sizes=\"auto, (max-width: 1024px) 100vw, 1024px\" \/><\/a><\/figure>\r\n\r\n\r\n\r\n<div class=\"wp-block-spacer\" style=\"height: 32px;\" aria-hidden=\"true\">\u00a0<\/div>\r\n\r\n\r\n\r\n<h4 class=\"wp-block-heading\"><strong>Attentif \u00e0 l\u2019accueil<\/strong><\/h4>\r\n\r\n\r\n\r\n<p>Nous mettons tout en oeuvre pour vous r\u00e9server le meilleur accueil. N\u2019h\u00e9sitez pas \u00e0 prendre contact avec nous afin de pr\u00e9parer votre visite.\u00a0<\/p>\r\n\r\n\r\n\r\n<div class=\"wp-block-spacer\" style=\"height: 31px;\" aria-hidden=\"true\">\u00a0<\/div>\r\n\r\n\r\n\r\n<h4 class=\"wp-block-heading\"><strong>Avertissement de\u00a0<\/strong><strong>contenus<\/strong><\/h4>\r\n\r\n\r\n\r\n<p>A partir de 2023, l\u2019\u00e9quipe engage un travail sur la question des avertissements de contenus en signalant la pr\u00e9sence ou l&rsquo;\u00e9vocation de certaines situations (viol, meurtre, g\u00e9nocide, torture, violences conjugales, maltraitances parentales, sexisme, harc\u00e8lement, homophobie, transphobie, racisme, validisme&#8230;) :<\/p>\r\n\r\n\r\n\r\n<ul class=\"wp-block-list\">\r\n<li>parce que nous voulons prendre soin de nos spectateur.rice.s<\/li>\r\n\r\n\r\n\r\n<li>parce ce que nous consid\u00e9rons qu\u2019il est de notre responsabilit\u00e9 en tant qu\u2019organisme culturel de prendre acte des luttes pour la visibilisation et la reconnaissance des oppressions et des violences syst\u00e9miques coloniales, patriarcales et capitalistes\u00a0<\/li>\r\n\r\n\r\n\r\n<li>parce ce que nous sommes conscient.e.s que les traumatismes et l\u2019hyper sensibilit\u00e9 ne se commandent pas, et peuvent toucher n\u2019importe qui \u00e0 un moment ou \u00e0 un autre de sa vie<\/li>\r\n\r\n\r\n\r\n<li>parce que nous savons l\u2019importance de permettre \u00e0 chacun.e de pouvoir choisir, en toute connaissance de cause et en fonction de sa sensibilit\u00e9 et de son \u00e9tat d\u2019esprit du moment, de voir ou non (un film, une installation, etc.)<\/li>\r\n\r\n\r\n\r\n<li>parce que nous ne voulons pas rester dans l\u2019ignorance de\u00a0la r\u00e9alit\u00e9 des violences dans le quotidien ou l\u2019histoire personnelle de nombre d\u2019entre nous, et ce que les personnes souffrant de ce genre de troubles peuvent vivre<\/li>\r\n<\/ul>\r\n\r\n\r\n\r\n<p>Nous sommes conscient.e.s qu\u2019une telle signal\u00e9tique n\u2019est pas une solution fiable \u00e0 100%, mais c\u2019est un d\u00e9marche b\u00e9n\u00e9fique que nous avons d\u00e9cid\u00e9 de mettre au travail. Nous serions heureux.se.s de poursuivre la discussion avec vous.<\/p>\r\n\r\n\r\n\r\n<div class=\"wp-block-spacer\" style=\"height: 32px;\" aria-hidden=\"true\">\u00a0<\/div>\r\n\r\n\r\n\r\n<h4 class=\"wp-block-heading\"><strong>Accueil des groupes et visites dialogu\u00e9es\u00a0<\/strong>(gratuit) :<\/h4>\r\n\r\n\r\n\r\n<p><em>Du 26 octobre 2023 au 12 janvier 2024<\/em>,\u00a0nous proposons de vous accueillir en groupe ou en individuel pour une\u00a0<em>visite dialogu\u00e9e\u00a0<\/em>de l\u2019exposition. Ces visites sont une invitation \u00e0 d\u00e9couvrir\u00a0<em>la Friche\u00a0<\/em>et une s\u00e9lection d\u2019installations vid\u00e9o. La relation \u00e0 l\u2019art vid\u00e9o et \u00e0 la cr\u00e9ation contemporaine prend une forme discr\u00e8te et intime. Ici, le\/la spectateur.rice n\u2019est plus face \u00e0 un \u00e9cran, mais il\/elle est immerg\u00e9.e dans un espace pluri-dimensionnel et pluri-sensoriel, le corps dans son entier est sollicit\u00e9 par l\u2019\u0153uvre.<br \/>Contact :\u00a0<strong>Tiffanie Taveau\u00a0:<\/strong>\u00a004.95.04.96.24 publics@instantsvideo.com<\/p>\r\n\r\n\r\n\r\n<div class=\"wp-block-spacer\" style=\"height: 31px;\" aria-hidden=\"true\">\u00a0<\/div>\r\n\r\n\r\n\r\n<h4 class=\"wp-block-heading\"><strong>Un festival eco-responsable et solidaire<\/strong><\/h4>\r\n\r\n\r\n\r\n<p>Le festival est engag\u00e9 depuis\u00a02012\u00a0dans une\u00a0<strong>d\u00e9marche solidaire et durable se traduisant par\u00a0<\/strong>un choix de fournisseurs de proximit\u00e9 et responsables, le tri des d\u00e9chets, la r\u00e9duction de l\u2019empreinte environnementale (transports doux ou en commun), une communication raisonn\u00e9e et un imprimeur vert, l\u2019utilisation de mat\u00e9riaux biod\u00e9gradables ou recyclables (assiettes, verres, etc.).\u00a0<\/p>\r\n\r\n\r\n\r\n<p>Dans le m\u00eame esprit, il n\u2019y a pas de service VIP, pas plus que de comp\u00e9tition entre artistes. Nos engagements en mati\u00e8re d\u2019\u00e9cologie font partie d\u2019une d\u00e9marche plus globale en faveur d\u2019un\u00a0<strong>d\u00e9veloppement humain durable<\/strong>\u00a0: ils r\u00e9pondent de la m\u00eame \u00e9thique, des m\u00eames convictions po\u00e9tiques qui guident notre ligne \u00e9ditoriale ou les relations que nous tissons avec nos publics. Ils r\u00e9pondent d\u2019un engagement \u00e0 la fois \u00e9thique, politique et po\u00e9tique qui soutient aussi bien nos choix esth\u00e9tiques que les relations que nous cherchons \u00e0 tisser avec les publics, les artistes, nos partenaires, et entre salari\u00e9.e.s et b\u00e9n\u00e9voles de notre association.<\/p>\r\n\r\n\r\n\r\n<div class=\"wp-block-spacer\" style=\"height: 32px;\" aria-hidden=\"true\">\u00a0<\/div>\r\n\r\n\r\n\r\n<h4 class=\"wp-block-heading\"><strong>Pour nous (re)joindre<\/strong><\/h4>\r\n\r\n\r\n\r\n<p>\ud83d\udcde\u00a0+33 (0)4 95 04 96 24<br \/>Friche la Belle de Mai<br \/>Entr\u00e9e pi\u00e9tons : 41 rue Jobin\u00a0<br \/>Entr\u00e9e voiture et parking : Rue Francois Simon\u00a0<br \/>bus : lignes 49 &amp; 56 arr\u00eat Belle de Mai la Friche &#8211; Bus de soir\u00e9e n\u00b0582<br \/>tram : Ligne 2, arr\u00eat Longchamp (puis 10 min. \u00e0 pied)<br \/>m\u00e9tro : Lignes 1 &amp; 2, arr\u00eat St-Charles (puis 15 min. \u00e0 pied)<br \/>borne v\u00e9lo 2321 (rue jobin) + parking pour vos v\u00e9los.<\/p>\r\n\r\n\r\n\r\n<div class=\"wp-block-spacer\" style=\"height: 26px;\" aria-hidden=\"true\">\u00a0<\/div>\r\n\r\n\r\n<div class=\"wp-block-image\">\r\n<figure class=\"alignleft size-large is-resized\"><a href=\"https:\/\/www.instantsvideo.com\/blog\/wp-content\/uploads\/2023\/07\/AfficheIV2023-1.jpg\"><img loading=\"lazy\" decoding=\"async\" class=\"wp-image-10501\" src=\"https:\/\/www.instantsvideo.com\/blog\/wp-content\/uploads\/2023\/07\/AfficheIV2023-1-698x1024.jpg\" alt=\"\" width=\"175\" height=\"256\" srcset=\"https:\/\/www.instantsvideo.com\/blog\/wp-content\/uploads\/2023\/07\/AfficheIV2023-1-698x1024.jpg 698w, https:\/\/www.instantsvideo.com\/blog\/wp-content\/uploads\/2023\/07\/AfficheIV2023-1-204x300.jpg 204w, https:\/\/www.instantsvideo.com\/blog\/wp-content\/uploads\/2023\/07\/AfficheIV2023-1-768x1127.jpg 768w, https:\/\/www.instantsvideo.com\/blog\/wp-content\/uploads\/2023\/07\/AfficheIV2023-1-480x705.jpg 480w, https:\/\/www.instantsvideo.com\/blog\/wp-content\/uploads\/2023\/07\/AfficheIV2023-1.jpg 1022w\" sizes=\"auto, (max-width: 175px) 100vw, 175px\" \/><\/a><\/figure>\r\n<\/div>\r\n\r\n\r\n<p><strong>L\u2019affiche<\/strong> de la 36<sup>e<\/sup>\u00a0\u00e9dition du\u00a0<em>Festival Les Instants Vid\u00e9o<\/em> est r\u00e9alis\u00e9e par Willy Legaud. L\u2019image est extraite de l\u2019oeuvre\u00a0<em><strong>Autoritratto all&rsquo;Inferno \/ Self-portrait in Hell\u00a0<\/strong><\/em>de<strong>\u00a0Federica Foglia<\/strong>\u00a0(Canada), que vous pourrez d\u00e9couvrir dans l\u2019une de nos 7 expositions (\u00e0 la Friche la Belle de Mai, du 20 octobre 2023 au 14 janvier 2024).<\/p>\r\n\r\n\r\n\r\n<div class=\"wp-block-spacer\" style=\"height: 33px;\" aria-hidden=\"true\">\u00a0<\/div>\r\n\r\n\r\n\r\n<p>&nbsp;<\/p>\r\n","protected":false},"excerpt":{"rendered":"<p>167 \u0153uvres\u00a0r\u00e9alis\u00e9es par 192 artistes issu.e.s de 45 pays<\/p>\n","protected":false},"author":9,"featured_media":11487,"comment_status":"closed","ping_status":"closed","sticky":true,"template":"","format":"standard","meta":{"footnotes":""},"categories":[242,350],"tags":[],"class_list":["post-10362","post","type-post","status-publish","format-standard","has-post-thumbnail","hentry","category-2023f","category-lefestival2023"],"_links":{"self":[{"href":"https:\/\/www.instantsvideo.com\/blog\/wp-json\/wp\/v2\/posts\/10362","targetHints":{"allow":["GET"]}}],"collection":[{"href":"https:\/\/www.instantsvideo.com\/blog\/wp-json\/wp\/v2\/posts"}],"about":[{"href":"https:\/\/www.instantsvideo.com\/blog\/wp-json\/wp\/v2\/types\/post"}],"author":[{"embeddable":true,"href":"https:\/\/www.instantsvideo.com\/blog\/wp-json\/wp\/v2\/users\/9"}],"replies":[{"embeddable":true,"href":"https:\/\/www.instantsvideo.com\/blog\/wp-json\/wp\/v2\/comments?post=10362"}],"version-history":[{"count":31,"href":"https:\/\/www.instantsvideo.com\/blog\/wp-json\/wp\/v2\/posts\/10362\/revisions"}],"predecessor-version":[{"id":13302,"href":"https:\/\/www.instantsvideo.com\/blog\/wp-json\/wp\/v2\/posts\/10362\/revisions\/13302"}],"wp:featuredmedia":[{"embeddable":true,"href":"https:\/\/www.instantsvideo.com\/blog\/wp-json\/wp\/v2\/media\/11487"}],"wp:attachment":[{"href":"https:\/\/www.instantsvideo.com\/blog\/wp-json\/wp\/v2\/media?parent=10362"}],"wp:term":[{"taxonomy":"category","embeddable":true,"href":"https:\/\/www.instantsvideo.com\/blog\/wp-json\/wp\/v2\/categories?post=10362"},{"taxonomy":"post_tag","embeddable":true,"href":"https:\/\/www.instantsvideo.com\/blog\/wp-json\/wp\/v2\/tags?post=10362"}],"curies":[{"name":"wp","href":"https:\/\/api.w.org\/{rel}","templated":true}]}}